{"id":110172,"date":"2021-01-28T15:14:11","date_gmt":"2021-01-28T20:14:11","guid":{"rendered":"https:\/\/linitiative.ca\/International\/pros-nice-boudaoui-ne-participera-pas-au-derby-face-a-monaco\/"},"modified":"2021-01-28T15:14:11","modified_gmt":"2021-01-28T20:14:11","slug":"pros-nice-boudaoui-ne-participera-pas-au-derby-face-a-monaco","status":"publish","type":"post","link":"https:\/\/linitiative.ca\/International\/pros-nice-boudaoui-ne-participera-pas-au-derby-face-a-monaco\/","title":{"rendered":"Pros : Nice : Boudaoui ne participera pas au derby face \u00e0 Monaco"},"content":{"rendered":"<div readability=\"32\">\n<p>Auteur : <span class=\"time\">jeudi 28 janvier 2021 18:17<\/span><\/p>\n<\/div>\n<div id=\"post_core\" readability=\"41\">\n<p>Averti pour la 3\u00e8me fois en l&rsquo;espace de 10 rencontres \u00e0 Lens (apr\u00e8s Metz et Lorient),\u00a0l&rsquo;international alg\u00e9rien purgera un match de suspension automatique comme indiqu\u00e9 sur le site de l&rsquo;OGC Nice.<\/p>\n<p>Sa sanction prenant\u00a0effet \u00ab\u00a0le mardi 2 f\u00e9vrier \u00e0 0h00\u00a0\u00bb,\u00a0comme l&rsquo;a pr\u00e9cis\u00e9 ce mercredi la Commission de Discipline de la LFP, il\u00a0pourra en revanche\u00a0\u00eatre pr\u00e9sent ce week-end face \u00e0 Saint-Etienne (22\u00e8e journ\u00e9e).<\/p>\n<p><strong>Publi\u00e9 dans :<\/strong> <span>Nice<\/span><\/p>\n<\/div>\n<p>Auteur:<br \/>\n<a href=\"http:\/\/www.lebuteur.com\/article\/detail?titre=nice-boudaoui-ne-participera-pas-au-derby-face-a-monaco&#038;id=98873&#038;utm_source=feedburner&#038;utm_medium=feed&#038;utm_campaign=Feed%3A+GalerieFArtciles+%28Les+derniers+articles++-+lebuteur.com%29\">Cliquez ici pour lire l&rsquo;article depuis sa source.<\/a><\/p>\n","protected":false},"excerpt":{"rendered":"<p>Auteur : jeudi 28 janvier 2021 18:17 Averti pour la 3\u00e8me fois en l&rsquo;espace de 10 rencontres \u00e0 Lens (apr\u00e8s Metz et Lorient),\u00a0l&rsquo;international alg\u00e9rien purgera un match de suspension automatique comme indiqu\u00e9 sur le site de l&rsquo;OGC Nice. Sa sanction prenant\u00a0effet \u00ab\u00a0le mardi 2 f\u00e9vrier \u00e0 0h00\u00a0\u00bb,\u00a0comme l&rsquo;a pr\u00e9cis\u00e9 ce mercredi la Commission de Discipline [&hellip;]<\/p>\n","protected":false},"author":1738,"featured_media":0,"comment_status":"closed","ping_status":"closed","sticky":false,"template":"","format":"standard","meta":{"fifu_image_url":"\/\/cdn.lebuteur.com\/data\/images\/article\/thumbs\/large-nice-boudaoui-ne-participera-pas-au-derby-face-a-monaco-abefa.jpg","fifu_image_alt":"Pros : Nice : Boudaoui ne participera pas au derby face \u00e0 Monaco","footnotes":""},"categories":[53,75],"tags":[],"class_list":["post-110172","post","type-post","status-publish","format-standard","hentry","category-algerie","category-sport"],"_links":{"self":[{"href":"https:\/\/linitiative.ca\/International\/wp-json\/wp\/v2\/posts\/110172","targetHints":{"allow":["GET"]}}],"collection":[{"href":"https:\/\/linitiative.ca\/International\/wp-json\/wp\/v2\/posts"}],"about":[{"href":"https:\/\/linitiative.ca\/International\/wp-json\/wp\/v2\/types\/post"}],"author":[{"embeddable":true,"href":"https:\/\/linitiative.ca\/International\/wp-json\/wp\/v2\/users\/1738"}],"replies":[{"embeddable":true,"href":"https:\/\/linitiative.ca\/International\/wp-json\/wp\/v2\/comments?post=110172"}],"version-history":[{"count":0,"href":"https:\/\/linitiative.ca\/International\/wp-json\/wp\/v2\/posts\/110172\/revisions"}],"wp:attachment":[{"href":"https:\/\/linitiative.ca\/International\/wp-json\/wp\/v2\/media?parent=110172"}],"wp:term":[{"taxonomy":"category","embeddable":true,"href":"https:\/\/linitiative.ca\/International\/wp-json\/wp\/v2\/categories?post=110172"},{"taxonomy":"post_tag","embeddable":true,"href":"https:\/\/linitiative.ca\/International\/wp-json\/wp\/v2\/tags?post=110172"}],"curies":[{"name":"wp","href":"https:\/\/api.w.org\/{rel}","templated":true}]}}