{"id":110173,"date":"2021-01-28T15:14:13","date_gmt":"2021-01-28T20:14:13","guid":{"rendered":"https:\/\/linitiative.ca\/International\/equipe-dalgerie-walid-sadi-candidat-a-la-presidence-de-la-faf\/"},"modified":"2021-01-28T15:14:13","modified_gmt":"2021-01-28T20:14:13","slug":"equipe-dalgerie-walid-sadi-candidat-a-la-presidence-de-la-faf","status":"publish","type":"post","link":"https:\/\/linitiative.ca\/International\/equipe-dalgerie-walid-sadi-candidat-a-la-presidence-de-la-faf\/","title":{"rendered":"Equipe d&rsquo;Alg\u00e9rie : Walid Sadi candidat \u00e0 la pr\u00e9sidence de la FAF"},"content":{"rendered":"<div readability=\"32\">\n<p>Auteur : <span>APS<\/span> <span class=\"time\">jeudi 28 janvier 2021 18:26<\/span><\/p>\n<\/div>\n<div id=\"post_core\" readability=\"58\">\n<p>Le membre de l\u2019ancien bureau f\u00e9d\u00e9ral de la F\u00e9d\u00e9ration alg\u00e9rienne de football (FAF), Walid Sadi, a annonc\u00e9 jeudi sa candidature pour la pr\u00e9sidence de cette instance. \u00ab\u00a0Je me suis pr\u00e9sent\u00e9 \u00e0 la pr\u00e9sidence de la FAF, dont les \u00e9lections sont pr\u00e9vues en mars ou avril prochains, au vu notamment de la situation exceptionnelle que traverse le football alg\u00e9rien, ainsi qu\u2019en r\u00e9ponse aux demandes de nombreux acteurs du milieu footballistique\u00a0\u00bb, a indiqu\u00e9 \u00e0 l\u2019APS, Sadi, soulignant qu\u2019il \u00ab\u00a0n\u2019a jamais refus\u00e9 l&rsquo;appel du devoir national\u00a0\u00bb. S\u2019agissant de son programme \u00e9lectoral, Sadi, qui est actuellement membre du conseil d\u2019administration de l\u2019ES S\u00e9tif (Ligue 1), a assur\u00e9 qu\u2019il mesure et r\u00e9alise la difficult\u00e9 de la situation et l&rsquo;ampleur des responsabilit\u00e9s, tout en \u00e9tant confiant que son programme aura un grand soutien du fait qu\u2019il vise \u00e0 pr\u00e9server les acquis et les exploits r\u00e9alis\u00e9s par le s\u00e9lectionneur national, Djamel Belmadi et ses poulains. Et d\u2019ajouter : \u00ab\u00a0Je porte un grand int\u00e9r\u00eat pour les jeunes s\u00e9lections, les diff\u00e9rents championnats du pays ainsi qu&rsquo;\u00e0 la promotion de la formation et de l\u2019arbitrage et \u00e0 la moralisation de la pratique du football\u00a0\u00bb. \u00a0\u00bbJe m&rsquo;engagerai en coordination avec tous les acteurs, y compris les diff\u00e9rents m\u00e9dias, sans exclusion ni marginalisation, pour accomplir plus de r\u00e9alisations et relever de nouveaux d\u00e9fis\u00a0\u00bb, a-t-il ajout\u00e9. Le candidat annonc\u00e9 \u00e0 la pr\u00e9sidence de la FAF a \u00e9galement affirm\u00e9 qu\u2019il d\u00e9voilerait \u00ab\u00a0ult\u00e9rieurement\u00a0\u00bb son programme d\u00e9taill\u00e9 et les noms des personnes qui s\u2019engageront \u00e0 ses c\u00f4t\u00e9s pour concr\u00e9tiser les d\u00e9fis et objectifs fix\u00e9s. Pour rappel, Walid Sadi a \u00e9t\u00e9 membre du bureau f\u00e9d\u00e9ral de la FAF pendant deux mandats (2009-2012 et 2013-2016), au cours desquels il a occup\u00e9 les postes de directeur des \u00e9quipes nationales, membre de la commission marketing et droits de diffusion de la Conf\u00e9d\u00e9ration africaine de football (CAF) et membre du comit\u00e9 de d\u00e9veloppement du football aupr\u00e8s de l\u2019Union des associations arabes de football.<\/p>\n<p><strong>Publi\u00e9 dans :<\/strong> <span>Walid Sadi<\/span><\/p>\n<\/div>\n<p>Auteur:<br \/>\n<a href=\"http:\/\/www.lebuteur.com\/article\/detail?titre=walid-sadi-candidat-a-la-presidence-de-la-faf&#038;id=98874&#038;utm_source=feedburner&#038;utm_medium=feed&#038;utm_campaign=Feed%3A+GalerieFArtciles+%28Les+derniers+articles++-+lebuteur.com%29\">Cliquez ici pour lire l&rsquo;article depuis sa source.<\/a><\/p>\n","protected":false},"excerpt":{"rendered":"<p>Auteur : APS jeudi 28 janvier 2021 18:26 Le membre de l\u2019ancien bureau f\u00e9d\u00e9ral de la F\u00e9d\u00e9ration alg\u00e9rienne de football (FAF), Walid Sadi, a annonc\u00e9 jeudi sa candidature pour la pr\u00e9sidence de cette instance. \u00ab\u00a0Je me suis pr\u00e9sent\u00e9 \u00e0 la pr\u00e9sidence de la FAF, dont les \u00e9lections sont pr\u00e9vues en mars ou avril prochains, au [&hellip;]<\/p>\n","protected":false},"author":1738,"featured_media":0,"comment_status":"closed","ping_status":"closed","sticky":false,"template":"","format":"standard","meta":{"fifu_image_url":"\/\/cdn.lebuteur.com\/data\/images\/article\/thumbs\/large-walid-sadi-candidat-a-la-presidence-de-la-faf-9ffc6.jpg","fifu_image_alt":"Equipe d'Alg\u00e9rie : Walid Sadi candidat \u00e0 la pr\u00e9sidence de la FAF","footnotes":""},"categories":[53,75],"tags":[],"class_list":["post-110173","post","type-post","status-publish","format-standard","hentry","category-algerie","category-sport"],"_links":{"self":[{"href":"https:\/\/linitiative.ca\/International\/wp-json\/wp\/v2\/posts\/110173","targetHints":{"allow":["GET"]}}],"collection":[{"href":"https:\/\/linitiative.ca\/International\/wp-json\/wp\/v2\/posts"}],"about":[{"href":"https:\/\/linitiative.ca\/International\/wp-json\/wp\/v2\/types\/post"}],"author":[{"embeddable":true,"href":"https:\/\/linitiative.ca\/International\/wp-json\/wp\/v2\/users\/1738"}],"replies":[{"embeddable":true,"href":"https:\/\/linitiative.ca\/International\/wp-json\/wp\/v2\/comments?post=110173"}],"version-history":[{"count":0,"href":"https:\/\/linitiative.ca\/International\/wp-json\/wp\/v2\/posts\/110173\/revisions"}],"wp:attachment":[{"href":"https:\/\/linitiative.ca\/International\/wp-json\/wp\/v2\/media?parent=110173"}],"wp:term":[{"taxonomy":"category","embeddable":true,"href":"https:\/\/linitiative.ca\/International\/wp-json\/wp\/v2\/categories?post=110173"},{"taxonomy":"post_tag","embeddable":true,"href":"https:\/\/linitiative.ca\/International\/wp-json\/wp\/v2\/tags?post=110173"}],"curies":[{"name":"wp","href":"https:\/\/api.w.org\/{rel}","templated":true}]}}