{"id":110174,"date":"2021-01-28T15:14:16","date_gmt":"2021-01-28T20:14:16","guid":{"rendered":"https:\/\/linitiative.ca\/International\/equipe-dalgerie-apres-sadi-kerbadj-postule-a-la-presidence-de-la-faf\/"},"modified":"2021-01-28T15:14:16","modified_gmt":"2021-01-28T20:14:16","slug":"equipe-dalgerie-apres-sadi-kerbadj-postule-a-la-presidence-de-la-faf","status":"publish","type":"post","link":"https:\/\/linitiative.ca\/International\/equipe-dalgerie-apres-sadi-kerbadj-postule-a-la-presidence-de-la-faf\/","title":{"rendered":"Equipe d&rsquo;Alg\u00e9rie : Apr\u00e8s Sadi, Kerbadj postule \u00e0 la pr\u00e9sidence de la FAF"},"content":{"rendered":"<div readability=\"32\">\n<p>Auteur : <span>APS<\/span> <span class=\"time\">jeudi 28 janvier 2021 18:29<\/span><\/p>\n<\/div>\n<div id=\"post_core\" readability=\"51\">\n<p>L&rsquo;ancien pr\u00e9sident de la Ligue de football professionnel (LFP) Mahfoud Kerbadj, a annonc\u00e9 jeudi sa candidature pour le poste de pr\u00e9sident de la F\u00e9d\u00e9ration alg\u00e9rienne (FAF), dont l&rsquo;assembl\u00e9e g\u00e9n\u00e9rale \u00e9lective (AGE) est pr\u00e9vue entre le 20 mars et le 15 avril prochains, a appris l\u2019APS aupr\u00e8s de l\u2019int\u00e9ress\u00e9. \u00a0\u00bb J&rsquo;ai d\u00e9cid\u00e9 officiellement de pr\u00e9senter ma candidature, car je pense que je peux encore donner pour le football national, apr\u00e8s mon exp\u00e9rience \u00e0 la t\u00eate de la LFP. Le football alg\u00e9rien traverse une mauvaise passe en mati\u00e8re de gestion, nous devons y rem\u00e9dier. Mon objectif aussi est de pr\u00e9server la dynamique de l&rsquo;\u00e9quipe nationale sous la houlette du s\u00e9lectionneur Djamel Belmadi \u00ab\u00a0, a indiqu\u00e9 Kerbadj. L\u2019annonce faite par l\u2019ancien patron de l\u2019instance dirigeante de la comp\u00e9tition (2011-2018), intervient quelques heures apr\u00e8s celle de l&rsquo;ancien membre du Bureau f\u00e9d\u00e9ral Walid Sadi, sous l&rsquo;\u00e8re de l&rsquo;ancien pr\u00e9sident de la FAF Mohamed Raouraoua. Sadi, qui avait exerc\u00e9 le poste de manager g\u00e9n\u00e9ral de l\u2019\u00e9quipe nationale, a expliqu\u00e9 sa candidature par \u00a0\u00bb la situation exceptionnelle que traverse le football alg\u00e9rien, et en r\u00e9ponse aux nombreuses sollicitations \u00e9manant d&rsquo;acteurs du football, ainsi qu&rsquo;\u00e0 l\u2019appel du devoir auquel j\u2019ai toujours r\u00e9pondu pr\u00e9sent\u00a0\u00bb. Elu le 20 mars 2017 \u00e0 la t\u00eate de la FAF, en remplacement de Mohamed Raouraoua, l&rsquo;actuel pr\u00e9sident de l\u2019instance f\u00e9d\u00e9rale Kheireddine Zetchi, ne s&rsquo;est toujours pas prononc\u00e9 sur sa d\u00e9cision de briguer ou non un second mandat \u00e0 la FAF.<\/p>\n<p><strong>Publi\u00e9 dans :<\/strong> <span>Kerbadj<\/span><\/p>\n<\/div>\n<p>Auteur:<br \/>\n<a href=\"http:\/\/www.lebuteur.com\/article\/detail?titre=apres-sadi-kerbadj-postule-a-la-presidence-de-la-faf&#038;id=98875&#038;utm_source=feedburner&#038;utm_medium=feed&#038;utm_campaign=Feed%3A+GalerieFArtciles+%28Les+derniers+articles++-+lebuteur.com%29\">Cliquez ici pour lire l&rsquo;article depuis sa source.<\/a><\/p>\n","protected":false},"excerpt":{"rendered":"<p>Auteur : APS jeudi 28 janvier 2021 18:29 L&rsquo;ancien pr\u00e9sident de la Ligue de football professionnel (LFP) Mahfoud Kerbadj, a annonc\u00e9 jeudi sa candidature pour le poste de pr\u00e9sident de la F\u00e9d\u00e9ration alg\u00e9rienne (FAF), dont l&rsquo;assembl\u00e9e g\u00e9n\u00e9rale \u00e9lective (AGE) est pr\u00e9vue entre le 20 mars et le 15 avril prochains, a appris l\u2019APS aupr\u00e8s de [&hellip;]<\/p>\n","protected":false},"author":1738,"featured_media":0,"comment_status":"closed","ping_status":"closed","sticky":false,"template":"","format":"standard","meta":{"fifu_image_url":"\/\/cdn.lebuteur.com\/data\/images\/article\/thumbs\/large-apres-sadi-kerbadj-postule-a-la-presidence-de-la-faf-dffdb.jpg","fifu_image_alt":"Equipe d'Alg\u00e9rie : Apr\u00e8s Sadi, Kerbadj postule \u00e0 la pr\u00e9sidence de la FAF","footnotes":""},"categories":[53,75],"tags":[],"class_list":["post-110174","post","type-post","status-publish","format-standard","hentry","category-algerie","category-sport"],"_links":{"self":[{"href":"https:\/\/linitiative.ca\/International\/wp-json\/wp\/v2\/posts\/110174","targetHints":{"allow":["GET"]}}],"collection":[{"href":"https:\/\/linitiative.ca\/International\/wp-json\/wp\/v2\/posts"}],"about":[{"href":"https:\/\/linitiative.ca\/International\/wp-json\/wp\/v2\/types\/post"}],"author":[{"embeddable":true,"href":"https:\/\/linitiative.ca\/International\/wp-json\/wp\/v2\/users\/1738"}],"replies":[{"embeddable":true,"href":"https:\/\/linitiative.ca\/International\/wp-json\/wp\/v2\/comments?post=110174"}],"version-history":[{"count":0,"href":"https:\/\/linitiative.ca\/International\/wp-json\/wp\/v2\/posts\/110174\/revisions"}],"wp:attachment":[{"href":"https:\/\/linitiative.ca\/International\/wp-json\/wp\/v2\/media?parent=110174"}],"wp:term":[{"taxonomy":"category","embeddable":true,"href":"https:\/\/linitiative.ca\/International\/wp-json\/wp\/v2\/categories?post=110174"},{"taxonomy":"post_tag","embeddable":true,"href":"https:\/\/linitiative.ca\/International\/wp-json\/wp\/v2\/tags?post=110174"}],"curies":[{"name":"wp","href":"https:\/\/api.w.org\/{rel}","templated":true}]}}