{"id":110175,"date":"2021-01-28T15:14:18","date_gmt":"2021-01-28T20:14:18","guid":{"rendered":"https:\/\/linitiative.ca\/International\/international-cristiano-ronaldo-au-coeur-dune-nouvelle-polemique\/"},"modified":"2021-01-28T15:14:18","modified_gmt":"2021-01-28T20:14:18","slug":"international-cristiano-ronaldo-au-coeur-dune-nouvelle-polemique","status":"publish","type":"post","link":"https:\/\/linitiative.ca\/International\/international-cristiano-ronaldo-au-coeur-dune-nouvelle-polemique\/","title":{"rendered":"International : Cristiano Ronaldo au c\u0153ur d&rsquo;une nouvelle pol\u00e9mique"},"content":{"rendered":"<div readability=\"32\">\n<p>Auteur : <span class=\"time\">jeudi 28 janvier 2021 18:54<\/span><\/p>\n<\/div>\n<div id=\"post_core\" readability=\"52\">\n<p>Hier, la Juventus s&rsquo;est impos\u00e9e 4 \u00e0 0 face \u00e0 la Spal en Coupe d&rsquo;Italie. La Vieille Dame a donc cartonn\u00e9 sans sa star Cristiano Ronaldo, qui n&rsquo;\u00e9tait pas pr\u00e9sente pour cette rencontre. M\u00e9nag\u00e9, le Portugais en a donc profit\u00e9 pour passer du temps avec sa compagne Georgina Rodriguez (27 ans), qu&rsquo;il a rejoint \u00e0 Courmayeur, dans le Val d\u2019Aoste, pour c\u00e9l\u00e9brer son anniversaire. Il a m\u00eame partag\u00e9 certaines vid\u00e9os de son escapade sur ses r\u00e9seaux sociaux, qu&rsquo;il a ensuite vite supprim\u00e9. Mais il \u00e9tait d\u00e9j\u00e0 trop tard. En effet, le joueur de la Juventus, qui a d&rsquo;ailleurs r\u00e9serv\u00e9 un restaurant qui \u00e9tait cens\u00e9 \u00eatre ferm\u00e9, pourrait bien \u00eatre rattrap\u00e9 par la patrouille selon Gazzetta dello Sport. Le m\u00e9dia italien r\u00e9v\u00e8le que le footballeur, ainsi que sa compagne, ont viol\u00e9 les r\u00e8gles et le protocole sanitaires en vigueur chez nos voisins transalpins, en se d\u00e9pla\u00e7ant notamment du Pi\u00e9mont, r\u00e9gion plac\u00e9e en zone orange tout comme le Val d&rsquo;Aoste. CR7 et Georgina Rodriguez risquent une grosse amende pour avoir enfreint les r\u00e8gles. Ce n&rsquo;est pas la premi\u00e8re fois depuis le d\u00e9but de l&rsquo;\u00e9pid\u00e9mie que Cristiano Ronaldo fait pol\u00e9mique, puisqu&rsquo;il avait d\u00e9j\u00e0 fait jaser au Portugal en avril dernier en s&rsquo;entra\u00eenant dans le stade de Mad\u00e8re en plein confinement rapporte FootMercato.<\/p>\n<p><strong>Publi\u00e9 dans :<\/strong> <span>cristiano ronaldo<\/span><\/p>\n<\/div>\n<p>Auteur:<br \/>\n<a href=\"http:\/\/www.lebuteur.com\/article\/detail?titre=cristiano-ronaldo-au-coeur-dune-nouvelle-polemique&#038;id=98876&#038;utm_source=feedburner&#038;utm_medium=feed&#038;utm_campaign=Feed%3A+GalerieFArtciles+%28Les+derniers+articles++-+lebuteur.com%29\">Cliquez ici pour lire l&rsquo;article depuis sa source.<\/a><\/p>\n","protected":false},"excerpt":{"rendered":"<p>Auteur : jeudi 28 janvier 2021 18:54 Hier, la Juventus s&rsquo;est impos\u00e9e 4 \u00e0 0 face \u00e0 la Spal en Coupe d&rsquo;Italie. La Vieille Dame a donc cartonn\u00e9 sans sa star Cristiano Ronaldo, qui n&rsquo;\u00e9tait pas pr\u00e9sente pour cette rencontre. M\u00e9nag\u00e9, le Portugais en a donc profit\u00e9 pour passer du temps avec sa compagne Georgina [&hellip;]<\/p>\n","protected":false},"author":1738,"featured_media":0,"comment_status":"closed","ping_status":"closed","sticky":false,"template":"","format":"standard","meta":{"fifu_image_url":"\/\/cdn.lebuteur.com\/data\/images\/article\/thumbs\/large-cristiano-ronaldo-au-coeur-dune-nouvelle-polemique-b0b6d.jpg","fifu_image_alt":"International : Cristiano Ronaldo au c\u0153ur d'une nouvelle pol\u00e9mique","footnotes":""},"categories":[53,75],"tags":[],"class_list":["post-110175","post","type-post","status-publish","format-standard","hentry","category-algerie","category-sport"],"_links":{"self":[{"href":"https:\/\/linitiative.ca\/International\/wp-json\/wp\/v2\/posts\/110175","targetHints":{"allow":["GET"]}}],"collection":[{"href":"https:\/\/linitiative.ca\/International\/wp-json\/wp\/v2\/posts"}],"about":[{"href":"https:\/\/linitiative.ca\/International\/wp-json\/wp\/v2\/types\/post"}],"author":[{"embeddable":true,"href":"https:\/\/linitiative.ca\/International\/wp-json\/wp\/v2\/users\/1738"}],"replies":[{"embeddable":true,"href":"https:\/\/linitiative.ca\/International\/wp-json\/wp\/v2\/comments?post=110175"}],"version-history":[{"count":0,"href":"https:\/\/linitiative.ca\/International\/wp-json\/wp\/v2\/posts\/110175\/revisions"}],"wp:attachment":[{"href":"https:\/\/linitiative.ca\/International\/wp-json\/wp\/v2\/media?parent=110175"}],"wp:term":[{"taxonomy":"category","embeddable":true,"href":"https:\/\/linitiative.ca\/International\/wp-json\/wp\/v2\/categories?post=110175"},{"taxonomy":"post_tag","embeddable":true,"href":"https:\/\/linitiative.ca\/International\/wp-json\/wp\/v2\/tags?post=110175"}],"curies":[{"name":"wp","href":"https:\/\/api.w.org\/{rel}","templated":true}]}}