{"id":110184,"date":"2021-01-28T10:30:00","date_gmt":"2021-01-28T15:30:00","guid":{"rendered":"https:\/\/linitiative.ca\/International\/officiel-le-doyen-chedly-ayari-ancien-ministre-et-gouverneur-de-la-banque-centrale-de-tunisie-est-decede\/"},"modified":"2021-01-28T10:30:00","modified_gmt":"2021-01-28T15:30:00","slug":"officiel-le-doyen-chedly-ayari-ancien-ministre-et-gouverneur-de-la-banque-centrale-de-tunisie-est-decede","status":"publish","type":"post","link":"https:\/\/linitiative.ca\/International\/officiel-le-doyen-chedly-ayari-ancien-ministre-et-gouverneur-de-la-banque-centrale-de-tunisie-est-decede\/","title":{"rendered":"Officiel: Le doyen Chedly Ayari, ancien ministre et gouverneur de la Banque centrale de Tunisie est d\u00e9c\u00e9d\u00e9"},"content":{"rendered":"<p class=\"c2\">Chedly Ayari, 87 ans, a succomb\u00e9 mercredi \u00e0 la pand\u00e9mie faucheuse. Ancien gouverneur de la Banque centrale de Tunisie, doyen de la facult\u00e9 de Droit et des Sciences \u00e9conomiques de Tunis, ministre dans les gouvernements successifs de Bourguiba, PDG de la Banque arabe de d\u00e9veloppement \u00e9conomique en Afrique (BADEA, Khartoum), il a longtemps \u00e9t\u00e9 une grande figure de l\u2019\u00e9conomie et des finances, en Tunisie, dans le monde arabe et en Afrique.<\/p>\n<p class=\"c2\">Depuis son d\u00e9part de la Banque centrale, Chedly Ayari s\u2019\u00e9tait consacr\u00e9 \u00e0 r\u00e9diger ses m\u00e9moires et y mettait, jusqu\u2019\u00e0 tout r\u00e9cemment, la derni\u00e8re main avant de les confier \u00e0 l\u2019\u00e9dition.<\/p>\n<h2 class=\"c3\">Biographie<\/h2>\n<p class=\"c2\"><span class=\"c4\"><strong>\u2022<\/strong><\/span> Dipl\u00f4mes et distinctions universitaires<\/p>\n<p class=\"c2\"><span class=\"c4\"><strong>\u2022<\/strong><\/span> Docteur es-sciences \u00e9conomiques Paris<\/p>\n<p class=\"c2\"><span class=\"c4\"><strong>\u2022<\/strong><\/span> Agr\u00e9g\u00e9 es-sciences \u00e9conomiques Paris<\/p>\n<p class=\"c2\"><span class=\"c4\"><strong>\u2022<\/strong><\/span> Dipl\u00f4m\u00e9 d\u2019\u00e9tudes sup\u00e9rieures de droit priv\u00e9 Paris<\/p>\n<p class=\"c2\"><span class=\"c4\"><strong>\u2022<\/strong><\/span> Docteur Honoris causa Universit\u00e9 d\u2019Aix-Marseille<\/p>\n<p class=\"c2\"><span class=\"c4\"><strong>\u2022<\/strong><\/span> Pr\u00e9sident honoraire de l\u2019Association Internationale des Sociologues de langue fran\u00e7aise<\/p>\n<p class=\"c2\"><span class=\"c6\"><span class=\"c5\"><strong>Fonctions occup\u00e9es<\/strong><\/span><\/span><\/p>\n<p class=\"c2\"><strong><span class=\"c4\">A- Universitaires<\/span><\/strong><br \/><span class=\"c4\"><strong>\u2022<\/strong><\/span> Professeur \u00e9m\u00e9rite et Doyen de la Facult\u00e9 de droit et des Sciences Economiques et de Gestion de Tunis<\/p>\n<p class=\"c2\"><span class=\"c4\"><strong>\u2022<\/strong><\/span> Professeur associ\u00e9, Universit\u00e9 d\u2019Aix-Marseille et de Nice-Sophia Antipolis<\/p>\n<p class=\"c2\"><span class=\"c4\"><strong>B- Minist\u00e9rielles<\/strong><\/span><br \/><span class=\"c4\"><strong>\u2022<\/strong><\/span> Secr\u00e9taire d\u2019Etat au Plan<\/p>\n<p class=\"c2\"><span class=\"c4\"><strong>\u2022<\/strong><\/span> Ministre de l\u2019Education Nationale<\/p>\n<p class=\"c2\"><span class=\"c4\"><strong>\u2022<\/strong><\/span> Ministre de la Jeunesse et des Sports<\/p>\n<p class=\"c2\"><span class=\"c4\"><strong>\u2022<\/strong><\/span> Ministre de l\u2019Economie Nationale<\/p>\n<p class=\"c2\"><span class=\"c4\"><strong>\u2022<\/strong><\/span> Ministre du Plan<\/p>\n<p class=\"c2\"><span class=\"c4\"><strong>C- Bancaires Internationales et en Tunisie<\/strong><\/span><br \/><span class=\"c4\"><strong>\u2022<\/strong><\/span> Directeur Ex\u00e9cutif du Groupe de la Banque Mondiale<\/p>\n<p class=\"c2\"><span class=\"c4\"><strong>\u2022<\/strong><\/span> Pr\u00e9sident Directeur G\u00e9n\u00e9ral et fondateur de la Banque Arabe pour le D\u00e9veloppement Economique en Afrique<\/p>\n<p class=\"c2\"><span class=\"c4\"><strong>\u2022<\/strong><\/span> Gouverneur de la Banque centrale de Tunisie<\/p>\n<p class=\"c2\"><span class=\"c4\"><strong>D- Diplomatiques<\/strong><\/span><br \/><span class=\"c4\"><strong>\u2022<\/strong><\/span> Conseiller \u00e9conomique de la D\u00e9l\u00e9gation tunisienne<\/p>\n<p class=\"c2\">aupr\u00e8s des Nations Unis \u00e0 New York<\/p>\n<p class=\"c2\"><span class=\"c4\"><strong>\u2022<\/strong><\/span> Ambassadeur d\u00e9sign\u00e9 aupr\u00e8s de la Commission Europ\u00e9enne et des Royaumes de Belgique et du Luxembourg<\/p>\n<p class=\"c2\"><span class=\"c4\"><strong>E- Consultatives<\/strong><\/span><br \/><span class=\"c4\"><strong>\u2022<\/strong><\/span> Vice-Pr\u00e9sident du Conseil National Consultatif pour la Recherche Scientifique et de la Technologie (Tunisie)<\/p>\n<p class=\"c2\"><span class=\"c6\"><span class=\"c5\"><strong>Travaux et Publications<\/strong><\/span><\/span><\/p>\n<p class=\"c2\">Auteur de nombreux ouvrages et articles traitant de questions \u00e9conomiques, financi\u00e8res, mon\u00e9taires, sociales et politiques des points de vue th\u00e9oriques publi\u00e9s dans quatre langues arabe, fran\u00e7aise, anglaise et allemande en Tunisie, en Europe, en Afrique sub-saharienne et dans le monde arabe.<\/p>\n<p>Auteur:<br \/>\n<a href=\"https:\/\/www.leaders.com.tn\/article\/31339-le-doyen-chedly-ayari-ancien-ministre-et-gouverneur-de-la-banque-centrale-de-tunisie-est-decede\">Cliquez ici pour lire l&rsquo;article depuis sa source.<\/a><\/p>\n","protected":false},"excerpt":{"rendered":"<p>Chedly Ayari, 87 ans, a succomb\u00e9 mercredi \u00e0 la pand\u00e9mie faucheuse. Ancien gouverneur de la Banque centrale de Tunisie, doyen de la facult\u00e9 de Droit et des Sciences \u00e9conomiques de Tunis, ministre dans les gouvernements successifs de Bourguiba, PDG de la Banque arabe de d\u00e9veloppement \u00e9conomique en Afrique (BADEA, Khartoum), il a longtemps \u00e9t\u00e9 une [&hellip;]<\/p>\n","protected":false},"author":1772,"featured_media":0,"comment_status":"closed","ping_status":"closed","sticky":false,"template":"","format":"standard","meta":{"fifu_image_url":"","fifu_image_alt":"","footnotes":""},"categories":[73,55],"tags":[],"class_list":["post-110184","post","type-post","status-publish","format-standard","hentry","category-actualite","category-tunisie"],"_links":{"self":[{"href":"https:\/\/linitiative.ca\/International\/wp-json\/wp\/v2\/posts\/110184","targetHints":{"allow":["GET"]}}],"collection":[{"href":"https:\/\/linitiative.ca\/International\/wp-json\/wp\/v2\/posts"}],"about":[{"href":"https:\/\/linitiative.ca\/International\/wp-json\/wp\/v2\/types\/post"}],"author":[{"embeddable":true,"href":"https:\/\/linitiative.ca\/International\/wp-json\/wp\/v2\/users\/1772"}],"replies":[{"embeddable":true,"href":"https:\/\/linitiative.ca\/International\/wp-json\/wp\/v2\/comments?post=110184"}],"version-history":[{"count":0,"href":"https:\/\/linitiative.ca\/International\/wp-json\/wp\/v2\/posts\/110184\/revisions"}],"wp:attachment":[{"href":"https:\/\/linitiative.ca\/International\/wp-json\/wp\/v2\/media?parent=110184"}],"wp:term":[{"taxonomy":"category","embeddable":true,"href":"https:\/\/linitiative.ca\/International\/wp-json\/wp\/v2\/categories?post=110184"},{"taxonomy":"post_tag","embeddable":true,"href":"https:\/\/linitiative.ca\/International\/wp-json\/wp\/v2\/tags?post=110184"}],"curies":[{"name":"wp","href":"https:\/\/api.w.org\/{rel}","templated":true}]}}