{"id":110190,"date":"2021-01-28T16:31:53","date_gmt":"2021-01-28T21:31:53","guid":{"rendered":"https:\/\/linitiative.ca\/International\/tunisie-pourquoi-la-justice-francaise-a-t-elle-refuse-lextradition-de-belhassen-trabelsi\/"},"modified":"2021-01-28T16:31:53","modified_gmt":"2021-01-28T21:31:53","slug":"tunisie-pourquoi-la-justice-francaise-a-t-elle-refuse-lextradition-de-belhassen-trabelsi","status":"publish","type":"post","link":"https:\/\/linitiative.ca\/International\/tunisie-pourquoi-la-justice-francaise-a-t-elle-refuse-lextradition-de-belhassen-trabelsi\/","title":{"rendered":"Tunisie\u00a0: Pourquoi la justice fran\u00e7aise a-t-elle refus\u00e9 l\u2019extradition de Belhassen Trabelsi\u00a0?"},"content":{"rendered":"<div class=\"post-cont-in left relative\">\n<div id=\"post-info-wrap\" class=\"left relative post-info-out\">\n<div class=\"post-info-img left relative\"><img loading=\"lazy\" decoding=\"async\" alt=\"\" src=\"https:\/\/secure.gravatar.com\/avatar\/9f10b5e5a102bf8cc0ebfb84f5ab5652?s=50&amp;d=mm&amp;r=g\" srcset=\"https:\/\/secure.gravatar.com\/avatar\/9f10b5e5a102bf8cc0ebfb84f5ab5652?s=100&amp;d=mm&amp;r=g 2x\" class=\"avatar avatar-50 photo\" height=\"50\" width=\"50\"\/><\/div>\n<div class=\"post-info-in\">\n<div class=\"post-info-right left relative post-info-name left relative\"><span><span class=\"post-info-text\">Par<\/span> <span class=\"author-name vcard fn author\"><a href=\"https:\/\/www.tunisienumerique.com\/author\/ramsis\/\" title=\"Articles par Ramsis\" rel=\"author\">Ramsis<\/a><\/span><\/span> <span class=\"post-date updated\"><time class=\"post-date updated\" datetime=\"2021-01-28\">\u00a0| Il y a 18 minutes<\/time><\/span><\/div>\n<div class=\"left relative\"><button id=\"listenButton1\" class=\"responsivevoice-button\" type=\"button\" value=\"Play\" title=\"&#xC9;coutez l'article\"><span>\ud83d\udd0a \u00c9coutez l&rsquo;article<\/span><\/button> <\/div>\n<\/div>\n<\/div>\n<p>L\u2019information est tomb\u00e9e hier. Belhassen Trabelsi faisait l\u2019objet d\u2019une proc\u00e9dure d\u2019extradition par la justice fran\u00e7aise, qui avait ordonn\u00e9 son arrestation, il y a quelques mois, lors de l\u2019un de ses passages par l\u2019hexagone, ne sera finalement pas livr\u00e9 \u00e0 la Tunisie.<\/p>\n<div class=\"code-block code-block-1 c4\"><ins class=\"adsbygoogle c3\" data-ad-layout=\"in-article\" data-ad-format=\"fluid\" data-ad-client=\"ca-pub-2102118777505746\" data-ad-slot=\"7301775417\"\/> <\/div>\n<p>Une information avec l\u2019effet d\u2019une douche froide qui n\u2019a pas manqu\u00e9 de choquer les autorit\u00e9s tunisiennes qui ont vite fait de r\u00e9agir, en informant l\u2019opinion publique que l\u2019aboutissement de la proc\u00e9dure n\u2019\u00e9tait pas de leur faute et ont assur\u00e9 avoir fourni \u00e0 la justice fran\u00e7aise l\u2019int\u00e9gralit\u00e9 des documents n\u00e9cessaires pour l\u2019extradition.<\/p>\n<p>Mais ce que les autorit\u00e9s tunisiennes ont omis de dire, c\u2019est qu\u2019elles sont bien, responsables de ce revers, non pas \u00e0 cause d\u2019un dossier amput\u00e9, mais plut\u00f4t, \u00e0 cause de la pi\u00e8tre id\u00e9e que se font les autorit\u00e9s fran\u00e7aises de la Tunisie et de sa justice.<\/p>\n<p>Car si la justice fran\u00e7aise a pris cette d\u00e9cision, c\u2019est parce qu\u2019elle estime qu\u2019elle ne saurait faire confiance \u00e0 la justice tunisienne pour garantir un proc\u00e8s en bonne et due forme \u00e0 Belhassen Trabelsi.<\/p>\n<p>Il faut reconnaitre que les autorit\u00e9s tunisiennes ont tout fait pour donner du pays une image d\u00e9sastreuse, faisant reculer toutes les instances internationales ou les autorit\u00e9s des autres pays, d\u00e8s qu\u2019il est question de collaborer avec ce pays qui part en lambeaux.<\/p>\n<p>Avec, en effet, un pays en faillite, une industrie \u00e0 l\u2019arr\u00eat, une classe politique des plus brillantes, si ce n\u2019est la plus brillante du monde, un appareil judiciaire qui n\u2019arrive pas \u00e0 se d\u00e9faire de l\u2019image d\u2019un appareil contr\u00f4l\u00e9 de bout en bout par les partis politiques, des autorit\u00e9s qui g\u00e8rent le pays, non pas selon les r\u00e8gles ou la logique internationales, mais sous la pression de la rue et le bon vouloir de certaines \u00ab coordinations de telle ou telle r\u00e9gion \u00bb.<\/p>\n<p>Du coup, les autorit\u00e9s \u00e9trang\u00e8res en arrivent au point de redouter des lynchages publics, sous une pression ou une autre, d\u2019\u00e9ventuels individus qu\u2019elles seraient tent\u00e9es d\u2019extrader vers la Tunisie\u00a0!<\/p>\n<div class=\"swp_social_panel swp_horizontal_panel swp_flat_fresh swp_default_full_color swp_individual_full_color swp_other_full_color scale-100 scale-\" data-min-width=\"1100\" data-float-color=\"#ffffff\" data-float=\"bottom\" data-float-mobile=\"bottom\" data-transition=\"slide\">\n<div class=\"nc_tweetContainer swp_share_button total_shares total_sharesalt\"><span class=\"swp_count\">9 <span class=\"swp_label\">Partages<\/span><\/span><\/div>\n<\/div>\n<p><strong>Que se passe-t-il en Tunisie?<\/strong><br \/>Nous expliquons sur notre <a href=\"https:\/\/www.youtube.com\/channel\/UCRzypVq0B_yBad5eGrwBx0Q?sub_confirmation=1\" target=\"_blank\" rel=\"noopener\">cha\u00eene YouTube<\/a> . <a href=\"https:\/\/www.youtube.com\/channel\/UCRzypVq0B_yBad5eGrwBx0Q?sub_confirmation=1\" target=\"_blank\" rel=\"noopener\">Abonnez-vous!<\/a><\/p>\n<div class=\"mvp-org-wrap mvp-org-logo\" itemprop=\"publisher\"><img decoding=\"async\" src=\"https:\/\/www.tunisienumerique.com\/wp-content\/uploads\/2017\/02\/logo_tunisie_numerique.png\"\/><\/div>\n<div class=\"mvp-related-posts left relative\">\n<h4 class=\"post-header\"><span class=\"post-header\">Lire aussi<\/span><\/h4>\n<\/div>\n<div id=\"article-ad\"><ins class=\"adsbygoogle c5\" data-ad-client=\"ca-pub-2102118777505746\" data-ad-slot=\"6513972734\" data-ad-format=\"auto\" data-full-width-responsive=\"true\"\/> <\/div>\n<\/div>\n<div id=\"post-sidebar-wrap\"><ins class=\"adsbygoogle c5\" data-ad-client=\"ca-pub-2102118777505746\" data-ad-slot=\"6168283410\" data-ad-format=\"auto\" data-full-width-responsive=\"true\"\/> <\/div>\n<p>Auteur: Ramsis<br \/>\n<a href=\"https:\/\/www.tunisienumerique.com\/tunisie-pourquoi-la-justice-francaise-a-t-elle-refuse-lextradition-de-belhassen-trabelsi\/\">Cliquez ici pour lire l&rsquo;article depuis sa source.<\/a><\/p>\n","protected":false},"excerpt":{"rendered":"<p>Par Ramsis \u00a0| Il y a 18 minutes \ud83d\udd0a \u00c9coutez l&rsquo;article L\u2019information est tomb\u00e9e hier. Belhassen Trabelsi faisait l\u2019objet d\u2019une proc\u00e9dure d\u2019extradition par la justice fran\u00e7aise, qui avait ordonn\u00e9 son arrestation, il y a quelques mois, lors de l\u2019un de ses passages par l\u2019hexagone, ne sera finalement pas livr\u00e9 \u00e0 la Tunisie. Une information avec [&hellip;]<\/p>\n","protected":false},"author":1789,"featured_media":0,"comment_status":"closed","ping_status":"closed","sticky":false,"template":"","format":"standard","meta":{"fifu_image_url":"https:\/\/secure.gravatar.com\/avatar\/9f10b5e5a102bf8cc0ebfb84f5ab5652?s=50&d=mm&r=g","fifu_image_alt":"Tunisie\u00a0: Pourquoi la justice fran\u00e7aise a-t-elle refus\u00e9 l\u2019extradition de Belhassen Trabelsi\u00a0?","footnotes":""},"categories":[73,55],"tags":[],"class_list":["post-110190","post","type-post","status-publish","format-standard","hentry","category-actualite","category-tunisie"],"_links":{"self":[{"href":"https:\/\/linitiative.ca\/International\/wp-json\/wp\/v2\/posts\/110190","targetHints":{"allow":["GET"]}}],"collection":[{"href":"https:\/\/linitiative.ca\/International\/wp-json\/wp\/v2\/posts"}],"about":[{"href":"https:\/\/linitiative.ca\/International\/wp-json\/wp\/v2\/types\/post"}],"author":[{"embeddable":true,"href":"https:\/\/linitiative.ca\/International\/wp-json\/wp\/v2\/users\/1789"}],"replies":[{"embeddable":true,"href":"https:\/\/linitiative.ca\/International\/wp-json\/wp\/v2\/comments?post=110190"}],"version-history":[{"count":0,"href":"https:\/\/linitiative.ca\/International\/wp-json\/wp\/v2\/posts\/110190\/revisions"}],"wp:attachment":[{"href":"https:\/\/linitiative.ca\/International\/wp-json\/wp\/v2\/media?parent=110190"}],"wp:term":[{"taxonomy":"category","embeddable":true,"href":"https:\/\/linitiative.ca\/International\/wp-json\/wp\/v2\/categories?post=110190"},{"taxonomy":"post_tag","embeddable":true,"href":"https:\/\/linitiative.ca\/International\/wp-json\/wp\/v2\/tags?post=110190"}],"curies":[{"name":"wp","href":"https:\/\/api.w.org\/{rel}","templated":true}]}}