{"id":110199,"date":"2021-01-28T12:18:05","date_gmt":"2021-01-28T17:18:05","guid":{"rendered":"https:\/\/linitiative.ca\/International\/cote-divoire-mise-en-service-dun-nouveau-sticker-pour-la-facture-normalisee-en-avril\/"},"modified":"2021-01-28T12:18:05","modified_gmt":"2021-01-28T17:18:05","slug":"cote-divoire-mise-en-service-dun-nouveau-sticker-pour-la-facture-normalisee-en-avril","status":"publish","type":"post","link":"https:\/\/linitiative.ca\/International\/cote-divoire-mise-en-service-dun-nouveau-sticker-pour-la-facture-normalisee-en-avril\/","title":{"rendered":"C\u00f4te d\u2019Ivoire: mise en service d\u2019un nouveau sticker pour la facture normalis\u00e9e en avril"},"content":{"rendered":"<div readability=\"32\">\n<p>Publi\u00e9 le 28.01.2021 \u00e0 18h18 par APA News<\/p>\n<\/div>\n<div readability=\"56\">\n<p>Le directeur g\u00e9n\u00e9ral des imp\u00f4ts Si\u00e9 Abou Ouattara annonce dans un communiqu\u00e9 transmis jeudi \u00e0 APA, que dans le cadre du renforcement de la s\u00e9curisation de la facture normalis\u00e9e en C\u00f4te, un nouveau sticker sera mis en service \u00e0 compter du 1er avril 2021.<\/p>\n<p>\u00ab Ce nouveau sticker de couleur bleue et de forme carr\u00e9e sera \u00e0 partir de la date du 1er avril 2021 appos\u00e9 sur \u00a0les factures normalis\u00e9es, les bordereaux ou bons de transfert ou de livraison ainsi que sur les bordereaux de livraison en remplacement de celui de couleur rouge\u00bb, a expliqu\u00e9 M. Ouattara dans ce communiqu\u00e9.\u00a0<\/p>\n<p>Toutefois, il a \u00a0pr\u00e9cis\u00e9, qu\u2019\u00e0 titre transitoire, le sticker rouge restera valable pour une p\u00e9riode de trois mois allant du 1er avril au 30 juin 2021. \u00a0<\/p>\n<p>\u00ab Par ailleurs, les entreprises qui disposeraient de stock r\u00e9siduel d\u2019anciens stickers et de carnets de factures pr\u00e9imprim\u00e9es sont \u00a0invit\u00e9es \u00e0 les d\u00e9clarer imp\u00e9rativement aupr\u00e8s de la chambre de commerce et d\u2019 industrie de C\u00f4te d\u2019Ivoire au plus tard le 15 avril 2021 pour leur prise en compte par le programme national de s\u00e9curisation des factures \u00bb, a exhort\u00e9 M. Ouattara comptant sur \u00a0\u00ab le civisme fiscal de tous \u00a0\u00bb.<\/p>\n<\/div>\n<p>Auteur: APA News<br \/>\n<a href=\"https:\/\/www.journalducameroun.com\/cote-divoire-mise-en-service-dun-nouveau-sticker-pour-la-facture-normalisee-en-avril\/\">Cliquez ici pour lire l&rsquo;article depuis sa source.<\/a><\/p>\n","protected":false},"excerpt":{"rendered":"<p>Publi\u00e9 le 28.01.2021 \u00e0 18h18 par APA News Le directeur g\u00e9n\u00e9ral des imp\u00f4ts Si\u00e9 Abou Ouattara annonce dans un communiqu\u00e9 transmis jeudi \u00e0 APA, que dans le cadre du renforcement de la s\u00e9curisation de la facture normalis\u00e9e en C\u00f4te, un nouveau sticker sera mis en service \u00e0 compter du 1er avril 2021. \u00ab Ce nouveau [&hellip;]<\/p>\n","protected":false},"author":1965,"featured_media":0,"comment_status":"closed","ping_status":"closed","sticky":false,"template":"","format":"standard","meta":{"fifu_image_url":"","fifu_image_alt":"","footnotes":""},"categories":[73,82],"tags":[],"class_list":["post-110199","post","type-post","status-publish","format-standard","hentry","category-actualite","category-cameroun"],"_links":{"self":[{"href":"https:\/\/linitiative.ca\/International\/wp-json\/wp\/v2\/posts\/110199","targetHints":{"allow":["GET"]}}],"collection":[{"href":"https:\/\/linitiative.ca\/International\/wp-json\/wp\/v2\/posts"}],"about":[{"href":"https:\/\/linitiative.ca\/International\/wp-json\/wp\/v2\/types\/post"}],"author":[{"embeddable":true,"href":"https:\/\/linitiative.ca\/International\/wp-json\/wp\/v2\/users\/1965"}],"replies":[{"embeddable":true,"href":"https:\/\/linitiative.ca\/International\/wp-json\/wp\/v2\/comments?post=110199"}],"version-history":[{"count":0,"href":"https:\/\/linitiative.ca\/International\/wp-json\/wp\/v2\/posts\/110199\/revisions"}],"wp:attachment":[{"href":"https:\/\/linitiative.ca\/International\/wp-json\/wp\/v2\/media?parent=110199"}],"wp:term":[{"taxonomy":"category","embeddable":true,"href":"https:\/\/linitiative.ca\/International\/wp-json\/wp\/v2\/categories?post=110199"},{"taxonomy":"post_tag","embeddable":true,"href":"https:\/\/linitiative.ca\/International\/wp-json\/wp\/v2\/tags?post=110199"}],"curies":[{"name":"wp","href":"https:\/\/api.w.org\/{rel}","templated":true}]}}