{"id":110201,"date":"2021-01-28T13:18:02","date_gmt":"2021-01-28T18:18:02","guid":{"rendered":"https:\/\/linitiative.ca\/International\/legislatives-affi-saisit-la-cei-contre-des-usages-frauduleux-du-sigle-du-fpi\/"},"modified":"2021-01-28T13:18:02","modified_gmt":"2021-01-28T18:18:02","slug":"legislatives-affi-saisit-la-cei-contre-des-usages-frauduleux-du-sigle-du-fpi","status":"publish","type":"post","link":"https:\/\/linitiative.ca\/International\/legislatives-affi-saisit-la-cei-contre-des-usages-frauduleux-du-sigle-du-fpi\/","title":{"rendered":"L\u00e9gislatives: Affi saisit la CEI contre des \u00ab\u00a0usages frauduleux du sigle du FPI\u00a0\u00bb"},"content":{"rendered":"<div readability=\"32\">\n<p>Publi\u00e9 le 28.01.2021 \u00e0 19h18 par APA News<\/p>\n<\/div>\n<div readability=\"88\">\n<p>Le pr\u00e9sident du Front populaire ivoirien (FPI, opposition) Affi Nguessan a saisi la Commission \u00e9lectorale ind\u00e9pendante (CEI) pour protester contre des \u00ab\u00a0usages frauduleux du sigle et des symboles du FPI\u00a0\u00bb dans le cadre des l\u00e9gislatives du 6 mars 2021.<\/p>\n<p>Dans un courrier adress\u00e9 au pr\u00e9sident de la CEI, Affi Nguessan, pr\u00e9sident statutaire du FPI, proteste contre \u00ab\u00a0le comportement tendancieux de certains candidats\u00a0\u00bb aux \u00e9lections l\u00e9gislatives ivoiriennes du 6 mars 2021.<\/p>\n<p>\u00ab\u00a0Il nous est donn\u00e9 de constater que des candidats, pourtant investis par d\u2019autres partis et groupements politiques lors du d\u00e9p\u00f4t de leur candidature \u00e0 la CEI, se pr\u00e9valent abusivement des attributs du FPI pour promouvoir leur candidature sur les r\u00e9seaux sociaux\u00a0\u00bb, a-t-il \u00e9crit.<\/p>\n<p>Selon M. Affi, \u00ab\u00a0une telle attitude qui contraste de fa\u00e7on flagrante avec la loyaut\u00e9 et l\u2019\u00e9l\u00e9gance de la concurrence \u00e9lectorale ne peut continuer \u00e0 prosp\u00e9rer, \u00a0au risque de semer le doute et la confusion chez les \u00e9lecteurs pendant le d\u00e9roulement du scrutin\u00a0\u00bb.\u00a0<\/p>\n<p>L\u2019article 26 du Code \u00e9lectoral ivoirien dispose que l\u2019utilisation combin\u00e9e des trois couleurs du drapeau national est proscrite, ainsi que les armoiries de la R\u00e9publique ou de la collectivit\u00e9 territoriale concern\u00e9e par l\u2019\u00e9lection.\u00a0<\/p>\n<p>En outre, plusieurs candidats ou listes de candidats d\u2019une m\u00eame circonscription \u00e9lectorale ne peuvent avoir ni le m\u00eame intitul\u00e9, ni le m\u00eame sigle, ni le m\u00eame symbole, ni la m\u00eame couleur sur le bulletin unique.<\/p>\n<p>Il soutient qu&rsquo;\u00a0\u00bbil ne peut valablement \u00eatre tol\u00e9r\u00e9 que des candidats se r\u00e9clamant de parti ou groupement politique diff\u00e9rent du n\u00f4tre, puisse user des attributs du FPI\u00a0\u00bb, formation cr\u00e9\u00e9e par Laurent Gbagbo.<\/p>\n<p>L\u2019ancien Premier ministre, Affi Nguessan, a lanc\u00e9 qu&rsquo;\u00a0\u00bbil urge que la CEI, conform\u00e9ment \u00e0 ses attributions et missions fasse cesser pareils comportements attentatoires \u00e0 la l\u00e9gislation et aux usages \u00e9lectoraux\u00a0\u00bb.\u00a0<\/p>\n<p>Le FPI conna\u00eet des querelles internes avec une tendance dirig\u00e9e par M. Affi Nguessan, pr\u00e9sident statutaire, et une autre frange conduite par Assoa Adou. Pour ces l\u00e9gislatives, l\u2019opposition a d\u00e9cid\u00e9 d\u2019aller en rang serr\u00e9.<\/p>\n<\/div>\n<p>Auteur: APA News<br \/>\n<a href=\"https:\/\/www.journalducameroun.com\/legislatives-affi-saisit-la-cei-contre-des-usages-frauduleux-du-sigle-du-fpi\/\">Cliquez ici pour lire l&rsquo;article depuis sa source.<\/a><\/p>\n","protected":false},"excerpt":{"rendered":"<p>Publi\u00e9 le 28.01.2021 \u00e0 19h18 par APA News Le pr\u00e9sident du Front populaire ivoirien (FPI, opposition) Affi Nguessan a saisi la Commission \u00e9lectorale ind\u00e9pendante (CEI) pour protester contre des \u00ab\u00a0usages frauduleux du sigle et des symboles du FPI\u00a0\u00bb dans le cadre des l\u00e9gislatives du 6 mars 2021. Dans un courrier adress\u00e9 au pr\u00e9sident de la [&hellip;]<\/p>\n","protected":false},"author":1965,"featured_media":0,"comment_status":"closed","ping_status":"closed","sticky":false,"template":"","format":"standard","meta":{"fifu_image_url":"","fifu_image_alt":"","footnotes":""},"categories":[73,82],"tags":[],"class_list":["post-110201","post","type-post","status-publish","format-standard","hentry","category-actualite","category-cameroun"],"_links":{"self":[{"href":"https:\/\/linitiative.ca\/International\/wp-json\/wp\/v2\/posts\/110201","targetHints":{"allow":["GET"]}}],"collection":[{"href":"https:\/\/linitiative.ca\/International\/wp-json\/wp\/v2\/posts"}],"about":[{"href":"https:\/\/linitiative.ca\/International\/wp-json\/wp\/v2\/types\/post"}],"author":[{"embeddable":true,"href":"https:\/\/linitiative.ca\/International\/wp-json\/wp\/v2\/users\/1965"}],"replies":[{"embeddable":true,"href":"https:\/\/linitiative.ca\/International\/wp-json\/wp\/v2\/comments?post=110201"}],"version-history":[{"count":0,"href":"https:\/\/linitiative.ca\/International\/wp-json\/wp\/v2\/posts\/110201\/revisions"}],"wp:attachment":[{"href":"https:\/\/linitiative.ca\/International\/wp-json\/wp\/v2\/media?parent=110201"}],"wp:term":[{"taxonomy":"category","embeddable":true,"href":"https:\/\/linitiative.ca\/International\/wp-json\/wp\/v2\/categories?post=110201"},{"taxonomy":"post_tag","embeddable":true,"href":"https:\/\/linitiative.ca\/International\/wp-json\/wp\/v2\/tags?post=110201"}],"curies":[{"name":"wp","href":"https:\/\/api.w.org\/{rel}","templated":true}]}}