{"id":110204,"date":"2021-01-28T08:36:17","date_gmt":"2021-01-28T13:36:17","guid":{"rendered":"https:\/\/linitiative.ca\/International\/chan-2020-rd-congo-florent-ibengue-et-trois-de-ses-joueurs-se-sont-remis-du-coronavirus\/"},"modified":"2021-01-28T08:36:17","modified_gmt":"2021-01-28T13:36:17","slug":"chan-2020-rd-congo-florent-ibengue-et-trois-de-ses-joueurs-se-sont-remis-du-coronavirus","status":"publish","type":"post","link":"https:\/\/linitiative.ca\/International\/chan-2020-rd-congo-florent-ibengue-et-trois-de-ses-joueurs-se-sont-remis-du-coronavirus\/","title":{"rendered":"CHAN 2020- RD Congo : Florent Ibengue et trois de ses joueurs se sont remis du Coronavirus"},"content":{"rendered":"<div class=\"featured-area featured-area-inner\">\n<p><img loading=\"lazy\" decoding=\"async\" width=\"620\" height=\"350\" src=\"https:\/\/ecomatin.net\/wp-content\/uploads\/2021\/01\/Florent-Ibenge-a-retrouve-le-sourire.jpg\" class=\"attachment-jannah-image-post size-jannah-image-post wp-post-image\" alt=\"\" is_main_img=\"1\" srcset=\"https:\/\/ecomatin.net\/wp-content\/uploads\/2021\/01\/Florent-Ibenge-a-retrouve-le-sourire.jpg 620w, https:\/\/ecomatin.net\/wp-content\/uploads\/2021\/01\/Florent-Ibenge-a-retrouve-le-sourire-300x169.jpg 300w, https:\/\/ecomatin.net\/wp-content\/uploads\/2021\/01\/Florent-Ibenge-a-retrouve-le-sourire-390x220.jpg 390w, https:\/\/ecomatin.net\/wp-content\/uploads\/2021\/01\/Florent-Ibenge-a-retrouve-le-sourire-600x339.jpg 600w\" sizes=\"auto, (max-width: 620px) 100vw, 620px\"\/><\/p>\n<\/div>\n<div class=\"entry-content entry clearfix\" readability=\"60\">\n<p>L\u2019\u00e9quipe de la R\u00e9publique D\u00e9mocratique du Congo retrouve progressivement la s\u00e9r\u00e9nit\u00e9, avec la sortie d\u2019isolement de son s\u00e9lectionneur, Florent Ibenge, ainsi que trois de ses joueurs, r\u00e9cemment test\u00e9s positifs au Coronavirus.<\/p>\n<p>Le technicien congolais va pouvoir reprendre les r\u00eanes de son \u00e9quipe, tenue depuis les 2<sup>e<\/sup>\u00a0et 3<sup>e<\/sup>\u00a0journ\u00e9e de la phase de groupes par son adjoint, Pamphile Mihayo. Il va retrouver sa place au banc de touche ce samedi 30 janvier 2021 face au Cameroun au stade de japoma \u00e0 Douala, \u00e0 la faveur des quarts de finale de cette comp\u00e9tition.<\/p>\n<p>Il revient de confinement avec trois de ses joueurs, notamment le gardien num\u00e9ro un Ley Matampi et son rempla\u00e7ant Guy Serge Mukumi Mulamba, ainsi que le milieu de terrain \u00a0Doxa Gikanji, qui se sont tous entrain\u00e9s mercredi soir au stade annexe I de Japoma.<\/p>\n<p>Le m\u00e9decin de la s\u00e9lection congolaise, Jean-Pierre Bungu Kakala, fait savoir sur le site de la f\u00e9d\u00e9ration congolaise que neuf autres joueurs dont trois en isolement \u00e0 Yaound\u00e9 et six en quarantaine \u00e0 Douala, sont toujours en observation.<\/p>\n<\/div>\n<p>Auteur: Eco Matin<br \/>\n<a href=\"https:\/\/ecomatin.net\/chan-2020-rd-congo-florent-ibengue-et-trois-de-ses-joueurs-se-sont-remis-du-coronavirus\/\">Cliquez ici pour lire l&rsquo;article depuis sa source.<\/a><\/p>\n","protected":false},"excerpt":{"rendered":"<p>L\u2019\u00e9quipe de la R\u00e9publique D\u00e9mocratique du Congo retrouve progressivement la s\u00e9r\u00e9nit\u00e9, avec la sortie d\u2019isolement de son s\u00e9lectionneur, Florent Ibenge, ainsi que trois de ses joueurs, r\u00e9cemment test\u00e9s positifs au Coronavirus. Le technicien congolais va pouvoir reprendre les r\u00eanes de son \u00e9quipe, tenue depuis les 2e\u00a0et 3e\u00a0journ\u00e9e de la phase de groupes par son adjoint, [&hellip;]<\/p>\n","protected":false},"author":1969,"featured_media":0,"comment_status":"closed","ping_status":"closed","sticky":false,"template":"","format":"standard","meta":{"fifu_image_url":"https:\/\/ecomatin.net\/wp-content\/uploads\/2021\/01\/Florent-Ibenge-a-retrouve-le-sourire.jpg","fifu_image_alt":"CHAN 2020- RD Congo : Florent Ibengue et trois de ses joueurs se sont remis du Coronavirus","footnotes":""},"categories":[82,78],"tags":[],"class_list":["post-110204","post","type-post","status-publish","format-standard","hentry","category-cameroun","category-economie"],"_links":{"self":[{"href":"https:\/\/linitiative.ca\/International\/wp-json\/wp\/v2\/posts\/110204","targetHints":{"allow":["GET"]}}],"collection":[{"href":"https:\/\/linitiative.ca\/International\/wp-json\/wp\/v2\/posts"}],"about":[{"href":"https:\/\/linitiative.ca\/International\/wp-json\/wp\/v2\/types\/post"}],"author":[{"embeddable":true,"href":"https:\/\/linitiative.ca\/International\/wp-json\/wp\/v2\/users\/1969"}],"replies":[{"embeddable":true,"href":"https:\/\/linitiative.ca\/International\/wp-json\/wp\/v2\/comments?post=110204"}],"version-history":[{"count":0,"href":"https:\/\/linitiative.ca\/International\/wp-json\/wp\/v2\/posts\/110204\/revisions"}],"wp:attachment":[{"href":"https:\/\/linitiative.ca\/International\/wp-json\/wp\/v2\/media?parent=110204"}],"wp:term":[{"taxonomy":"category","embeddable":true,"href":"https:\/\/linitiative.ca\/International\/wp-json\/wp\/v2\/categories?post=110204"},{"taxonomy":"post_tag","embeddable":true,"href":"https:\/\/linitiative.ca\/International\/wp-json\/wp\/v2\/tags?post=110204"}],"curies":[{"name":"wp","href":"https:\/\/api.w.org\/{rel}","templated":true}]}}