{"id":110207,"date":"2021-01-28T09:58:21","date_gmt":"2021-01-28T14:58:21","guid":{"rendered":"https:\/\/linitiative.ca\/International\/le-qatar-rachete-lhotel-ibis-de-douala\/"},"modified":"2021-01-28T09:58:21","modified_gmt":"2021-01-28T14:58:21","slug":"le-qatar-rachete-lhotel-ibis-de-douala","status":"publish","type":"post","link":"https:\/\/linitiative.ca\/International\/le-qatar-rachete-lhotel-ibis-de-douala\/","title":{"rendered":"Le Qatar rach\u00e8te l\u2019h\u00f4tel Ibis de Douala"},"content":{"rendered":"<p>Au 184, Rue Pierre Loti, sis \u00e0 Bonanjo, quartier administratif de Douala, tout semble calme. Les travaux de r\u00e9novation engag\u00e9s au sein de l\u2019h\u00f4tel Ibis de Douala se poursuivent sereinement. Loin des transactions entre le Groupe Accor, propri\u00e9taire de la ligne h\u00f4teli\u00e8re Accor et\u00a0Kasada Capital Management, fonds d\u2019investissement contr\u00f4l\u00e9 par le Qatar. Accor Invest et\u00a0Kasada Hospitality Fund LP, filiales des deux groupes respectifs, ont rendu public ce 19 janvier 2021, la convention de rachat de 8 h\u00f4tels de la cha\u00eene Accor par la soci\u00e9t\u00e9 Qatari. Parmi lesquels l\u2019h\u00f4tel Ibis de Douala. L\u2019h\u00f4tel \u00a0de 160 chambres b\u00e2ti sur 8 \u00e9tages et class\u00e9 3 \u00e9toiles tombe ainsi dans le portefeuille de la soci\u00e9t\u00e9 Qatari nouveau propri\u00e9taire, ainsi que la gestion des acquisitions qui s\u2019\u00e9tendent \u00e9galement en C\u00f4te-d\u2019Ivoire (Pullman, Novotel, Ibis Plateau et Ibis Marcory), et au S\u00e9n\u00e9gal (Pullman, Novotel et Ibis \u00e0 Dakar). Soit un total de 1.602 chambres.\u00a0\u00abIl s\u2019agit de l\u2019une des plus importantes transactions de fusions et acquisitions dans le secteur de l\u2019h\u00f4tellerie en Afrique. Ces h\u00f4tels sont pleinement op\u00e9rationnels\u00bb, apprendra-t-on de l\u2019acqu\u00e9reur.\u00a0<\/p>\n<p><strong>Lire aussi<\/strong> : <a href=\"https:\/\/ecomatin.net\/le-groupe-hotelier-marriot-va-construire-un-hotel-5-etoiles-a-douala\/\">Le groupe h\u00f4telier Marriot va construire un h\u00f4tel 5 \u00e9toiles \u00e0 Douala<\/a><\/p>\n<p>D\u2019apr\u00e8s des proches de S\u00e9bastien Bazin, le Pr\u00e9sident directeur g\u00e9n\u00e9ral du Groupe Accor, la cession des 8 h\u00f4tels int\u00e8gre parfaitement la\u00a0strat\u00e9gie du groupe visant \u00e0 \u00ab\u00a0se recentrer sur les march\u00e9s Europ\u00e9en, Latino-am\u00e9ricain et Asiatique\u00bb, o\u00f9 Accor dispose de 880 \u00e9tablissements h\u00f4teliers dans 28 pays. Pour\u00a0Olivier Granet, Managing Partner et CEO de Kasada, \u00ab il\u00a0s\u2019agit d\u2019un portefeuille d\u2019h\u00f4tels exceptionnel couvrant tous les segments de march\u00e9 et totalement align\u00e9 sur la strat\u00e9gie de Kasada\u00bb<\/p>\n<p>Pour rappel, en 2017,\u00a0Accor Hotels et Qatar Airways avaient d\u00e9j\u00e0 scell\u00e9 un partenariat pour enrichir les avantages offerts par leurs programmes de fid\u00e9lit\u00e9.\u00a0Cot\u00e9 Qatari, les contours de cet important investissement \u00a0se sont dessin\u00e9s depuis pr\u00e8s de deux ans avec une op\u00e9ration de lev\u00e9e de fonds conclue par Kasada Capital Management au profit de Kasada Hospitality Fund. Au total 270 milliards de FCFA destin\u00e9s \u00e0 des projets au Nigeria, au S\u00e9n\u00e9gal et au Cameroun. Malgr\u00e9 cette acquisition, le groupe Accor a obtenu le maintien provisoire de la d\u00e9nomination \u00abIbis\u00bb. Accor est l\u2019un des plus grands groupes h\u00f4teliers du monde. Implant\u00e9 dans 110 pays, Accor dispose de 5100 h\u00f4tels fonctionnels, 39 marques de luxe et plus de 300 000 employ\u00e9s.\u00a0<\/p>\n<p><strong>Lire aussi<\/strong> : <a href=\"https:\/\/ecomatin.net\/le-secteur-hotelier-camerounais-va-senrichir-de-19-nouveaux-etablissements\/\">Le secteur h\u00f4telier camerounais va s\u2019enrichir de 19 nouveaux \u00e9tablissements<\/a><\/p>\n<p>Rien n\u2019aura malheureusement filtr\u00e9 sur les aspects financiers de l\u2019accord de cession entre le groupe Accor et\u00a0Kasada Capital Management. La prise de possession de l\u2019h\u00f4tel Ibis de Douala par les financiers asiatiques confirme les ambitions de ces derniers d\u2019investir en Afrique, dans le secteur h\u00f4telier en particulier:\u00a0\u00abdans les ann\u00e9es \u00e0 venir, l\u2019Afrique abritera de puissantes \u00e9conomies. Nous comptons influencer le d\u00e9veloppement \u00e9conomique de ce continent, m\u00eame si c\u2019est \u00e0 une toute petite \u00e9chelle. Nous sommes s\u00fbrs que nous allons faire face \u00e0 quelques difficult\u00e9s, mais nous nous emploierons \u00e0 \u00eatre accept\u00e9\u2009\u00bb, a d\u00e9clar\u00e9 Sheikh Nawaf bin Jassim Al Thani, CEO de\u00a0Katara Hospitality,\u00a0autre filiale du groupe Qatari.\u00a0<\/p>\n<p><strong>Lire aussi<\/strong> : <a href=\"https:\/\/ecomatin.net\/radisson-blu-hotel-de-douala-les-travaux-avancent-sereinement\/\">Radisson Blu h\u00f4tel de Douala : les travaux avancent sereinement<\/a><\/p>\n<p>Auteur: Georges Semey<br \/>\n<a href=\"https:\/\/ecomatin.net\/le-qatar-rachete-lhotel-ibis-de-douala\/\">Cliquez ici pour lire l&rsquo;article depuis sa source.<\/a><\/p>\n","protected":false},"excerpt":{"rendered":"<p>Au 184, Rue Pierre Loti, sis \u00e0 Bonanjo, quartier administratif de Douala, tout semble calme. Les travaux de r\u00e9novation engag\u00e9s au sein de l\u2019h\u00f4tel Ibis de Douala se poursuivent sereinement. Loin des transactions entre le Groupe Accor, propri\u00e9taire de la ligne h\u00f4teli\u00e8re Accor et\u00a0Kasada Capital Management, fonds d\u2019investissement contr\u00f4l\u00e9 par le Qatar. Accor Invest et\u00a0Kasada [&hellip;]<\/p>\n","protected":false},"author":1969,"featured_media":0,"comment_status":"closed","ping_status":"closed","sticky":false,"template":"","format":"standard","meta":{"fifu_image_url":"","fifu_image_alt":"","footnotes":""},"categories":[82,78],"tags":[],"class_list":["post-110207","post","type-post","status-publish","format-standard","hentry","category-cameroun","category-economie"],"_links":{"self":[{"href":"https:\/\/linitiative.ca\/International\/wp-json\/wp\/v2\/posts\/110207","targetHints":{"allow":["GET"]}}],"collection":[{"href":"https:\/\/linitiative.ca\/International\/wp-json\/wp\/v2\/posts"}],"about":[{"href":"https:\/\/linitiative.ca\/International\/wp-json\/wp\/v2\/types\/post"}],"author":[{"embeddable":true,"href":"https:\/\/linitiative.ca\/International\/wp-json\/wp\/v2\/users\/1969"}],"replies":[{"embeddable":true,"href":"https:\/\/linitiative.ca\/International\/wp-json\/wp\/v2\/comments?post=110207"}],"version-history":[{"count":0,"href":"https:\/\/linitiative.ca\/International\/wp-json\/wp\/v2\/posts\/110207\/revisions"}],"wp:attachment":[{"href":"https:\/\/linitiative.ca\/International\/wp-json\/wp\/v2\/media?parent=110207"}],"wp:term":[{"taxonomy":"category","embeddable":true,"href":"https:\/\/linitiative.ca\/International\/wp-json\/wp\/v2\/categories?post=110207"},{"taxonomy":"post_tag","embeddable":true,"href":"https:\/\/linitiative.ca\/International\/wp-json\/wp\/v2\/tags?post=110207"}],"curies":[{"name":"wp","href":"https:\/\/api.w.org\/{rel}","templated":true}]}}