{"id":110374,"date":"2021-02-01T09:19:45","date_gmt":"2021-02-01T14:19:45","guid":{"rendered":"https:\/\/linitiative.ca\/International\/%ef%bb%bfle-maroc-donne-lexemple-sous-limpulsion-de-sm-le-roi-mohammed-vi\/"},"modified":"2021-02-01T09:19:45","modified_gmt":"2021-02-01T14:19:45","slug":"%ef%bb%bfle-maroc-donne-lexemple-sous-limpulsion-de-sm-le-roi-mohammed-vi","status":"publish","type":"post","link":"https:\/\/linitiative.ca\/International\/%ef%bb%bfle-maroc-donne-lexemple-sous-limpulsion-de-sm-le-roi-mohammed-vi\/","title":{"rendered":"\ufeffLe Maroc donne l\u2019exemple sous l\u2019impulsion de SM le Roi Mohammed VI"},"content":{"rendered":"<p class=\"c2\"><strong>La culture au temps du Covid<\/strong><\/p>\n<p class=\"c3\"><strong>Entretien r\u00e9alis\u00e9 par Jalila AJAJA-MAP<\/strong><\/p>\n<p><strong>En promouvant la culture y compris durant la pand\u00e9mie du Covid-19, et en prouvant au monde entier que l\u2019on peut concilier culture et sant\u00e9\/sant\u00e9 et culture, le Maroc, sous l\u2019impulsion de Sa Majest\u00e9 le Roi Mohammed VI, donne l\u2019exemple, a affirm\u00e9 le Pr\u00e9sident de l\u2019Institut du Monde Arabe (IMA), Jack Lang.<\/strong><\/p>\n<p>\u00ab\u00a0Je suis heureux que le Maroc ait pris la d\u00e9cision de maintenir le lien avec la culture durant la pand\u00e9mie. C\u2019est un mod\u00e8le pour d\u2019autres pays. Je crois que cette initiative est excellente et m\u00e9rite d\u2019\u00eatre suivie\u00a0\u00bb, a soulign\u00e9 M. Lang dans un entretien \u00e0 la MAP.<\/p>\n<p>Le Pr\u00e9sident de l\u2019IMA a tenu, \u00e0 cet \u00e9gard, \u00e0 rendre un hommage appuy\u00e9 \u00e0 SM le Roi Mohammed VI, \u00ab\u00a0un homme toujours tr\u00e8s attentif \u00e0 l\u2019essor de la vie culturelle et intellectuelle\u00a0\u00bb.<\/p>\n<p>\u00ab\u00a0J\u2019ai vu des vid\u00e9os et des photographies qui montrent qu\u2019au Maroc, il y a un v\u00e9ritable enthousiasme des citoyens de tous les \u00e2ges \u00e0 d\u00e9couvrir les \u0153uvres des mus\u00e9es et en m\u00eame temps un v\u00e9ritable respect des r\u00e8gles sanitaires.<\/p>\n<p>Donc la d\u00e9monstration est clairement faite par la Fondation Nationale des Mus\u00e9es du Maroc (FNMM), que l\u2019on peut aujourd\u2019hui ouvrir les mus\u00e9es tout en respectant les exigences \u00e9tablies par les autorit\u00e9s sanitaires\u00a0\u00bb, a soulign\u00e9 M. Lang qui a tenu \u00e0 exprimer ses f\u00e9licitations aux autorit\u00e9s marocaines.<\/p>\n<p>\u00ab\u00a0L\u2019exemple marocain est tout \u00e0 fait remarquable\u00a0\u00bb et la d\u00e9cision de maintenir une vie culturelle au Maroc est \u00ab\u00a0une d\u00e9cision heureuse\u00a0\u00bb qui doit \u00eatre applaudie et m\u00e9rite d\u2019\u00eatre suivie par d\u2019autres pays. \u00ab\u00a0Puisse la France s\u2019inspirer du mod\u00e8le marocain pour l\u2019acc\u00e8s \u00e0 la culture durant la pand\u00e9mie du Covid\u00a0\u00bb, a plaid\u00e9 le Pr\u00e9sident de l\u2019IMA.<\/p>\n<p>Il a affirm\u00e9, dans ce contexte, qu\u2019il a \u00e9t\u00e9 \u00ab\u00a0tellement touch\u00e9 et enthousiasm\u00e9\u00a0\u00bb par les initiatives du Maroc au point de les faire conna\u00eetre en France.<\/p>\n<p>\u00ab\u00a0J\u2019ai \u00e9crit \u00e0 la ministre de la Culture et \u00e0 d\u2019autres autorit\u00e9s fran\u00e7aises pour leur citer l\u2019exemple du Maroc, en leur disant suivez l\u2019exemple du Royaume qui est tout \u00e0 fait remarquable et qui montre que l\u2019on peut concilier culture et sant\u00e9\/sant\u00e9 et culture\u00a0\u00bb, a assur\u00e9 le Pr\u00e9sident de l\u2019IMA.<\/p>\n<p>A propos de l\u2019effervescence culturelle actuelle au Maroc (ouverture de mus\u00e9es notamment le mus\u00e9e Villa Haris \u00e0 Tanger, le mus\u00e9e de la musique \u00e0 Mekn\u00e8s, d\u00e9but des travaux de construction du mus\u00e9e du juda\u00efsme \u00e0 F\u00e8s\u2026), le pr\u00e9sident de l\u2019IMA a affirm\u00e9 qu\u2019\u00a0\u00bbune fois de plus, le Maroc montre qu\u2019il est un pays d\u2019exception\u00a0\u00bb.<\/p>\n<p>\u00ab\u00a0Le Maroc est certainement aujourd\u2019hui le pays de la M\u00e9diterran\u00e9e, de l\u2019Afrique et du Monde arabe le plus ouvert \u00e0 la culture, le plus cr\u00e9atif. C\u2019est vraiment impressionnant et r\u00e9jouissant\u00a0\u00bb, s\u2019est f\u00e9licit\u00e9 M. Lang, qui a tenu \u00e0 souligner \u00ab\u00a0une autre originalit\u00e9 de la politique culturelle marocaine qui est de mettre en valeur tous les h\u00e9ritages culturels et spirituels du pays\u00a0\u00bb.<\/p>\n<p>\u00ab\u00a0C\u2019est d\u2019ailleurs une tradition qui \u00e9tait instaur\u00e9e depuis longtemps au Maroc et que Sa Majest\u00e9 le Roi Mohammed VI a pleinement reconnu ou fait reconna\u00eetre par la Constitution marocaine. C\u2019est une situation assez unique, dans le monde, d\u2019un pays qui revendique la diversit\u00e9 de ses influents culturels et intellectuels \u00ab\u00a0, a-t-il relev\u00e9.<\/p>\n<p>Et de souligner que \u00ab\u00a0l\u00e0 encore, il se bat beaucoup en France pour que l\u2019exemple marocain inspire la politique de son pays\u00a0\u00bb.<\/p>\n<p>D\u2019ailleurs, Jack Lang va publier prochainement un livre dont la sortie est pr\u00e9vue pour mars\/avril 2021, sur la r\u00e9volution culturelle des ann\u00e9es 80 en France. \u00ab\u00a0Ce livre se termine par un \u00e9loge du m\u00e9tissage et je cite en particulier l\u2019exemple du pr\u00e9ambule de la constitution marocaine comme mod\u00e8le d\u2019une philosophie de l\u2019ouverture, de la tol\u00e9rance et du respect\u00a0\u00bb, a-t-il affirm\u00e9.<\/p>\n<p>S\u2019agissant de la politique mus\u00e9ale actuellement au Maroc, notamment avec la Loi Label Mus\u00e9e en cours d\u2019examen au Parlement et qui aspire \u00e0 encadrer l\u2019appellation \u00ab Mus\u00e9e\u00bb laquelle doit se plier \u00e0 des normes mondiales pr\u00e9cises, \u00abune premi\u00e8re en Afrique et dans le monde arabe\u00bb, l\u2019ancien ministre fran\u00e7ais de la Culture a salu\u00e9 \u00ab\u00a0une tr\u00e8s bonne d\u00e9cision\u00a0\u00bb.<\/p>\n<p>\u00ab\u00a0Il est important \u00e0 la fois d\u2019encourager l\u2019efflorescence des initiatives priv\u00e9es, publiques, associatives ou autres et en m\u00eame temps, c\u2019est une bonne chose qu\u2019une autorit\u00e9 reconnue par l\u2019Etat, en l\u2019occurrence la FNMM, puisse attribuer un label, je pense que c\u2019est n\u00e9cessaire\u00a0\u00bb, a-t-il consid\u00e9r\u00e9.<\/p>\n<p>\u00ab\u00a0Si je compare avec ce qui est entrepris en France, il y a aussi des cat\u00e9gories institu\u00e9es par l\u2019Etat sous le nom de mus\u00e9es de France qui sont plac\u00e9s sous la tutelle du minist\u00e8re de la Culture et du coup, un certain nombre d\u2019exigences scientifiques doivent \u00eatre respect\u00e9es\u00a0\u00bb, a poursuivi M. Lang.<\/p>\n<p>Selon lui, un label Mus\u00e9e est \u00ab\u00a0une bonne chose\u00a0\u00bb. \u00ab\u00a0Il ne s\u2019agit pas de porter atteinte \u00e0 la libert\u00e9 d\u2019initiatives des uns et des autres, mais d\u2019introduire un peu de clart\u00e9, aussi d\u2019assurance du respect des exigences scientifiques qui aujourd\u2019hui sont d\u2019ailleurs reconnues \u00e0 travers les organismes internationaux des mus\u00e9es\u00a0\u00bb, a-t-il affirm\u00e9.<\/p>\n<p>Dans cet entretien avec la MAP, le Pr\u00e9sident de l\u2019IMA est revenu aussi sur la gestion par le Maroc de la crise du Covid-19 et la campagne de vaccination qui vient de d\u00e9marrer.<\/p>\n<p>\u00ab\u00a0Une fois de plus, le Maroc est un pays exemplaire. Les initiatives prises par les autorit\u00e9s marocaines depuis un an suscitent l\u2019admiration et le respect. Au moment o\u00f9 en France, par exemple, nous manquions de masques, le Maroc en fabriquait beaucoup et invitait les habitants \u00e0 les porter, et m\u00eame le Maroc r\u00e9ussissait \u00e0 en exporter.<\/p>\n<p>C\u2019est vraiment une r\u00e9ussite remarquable\u00a0\u00bb, s\u2019est f\u00e9licit\u00e9 M. Lang.<\/p>\n<p>Il s\u2019est aussi r\u00e9joui que \u00ab\u00a0la campagne de vaccination soit engag\u00e9e aujourd\u2019hui et lanc\u00e9e au plus haut niveau du pays\u00a0\u00bb. \u00ab\u00a0C\u2019est une tr\u00e8s bonne chose que la plus haute autorit\u00e9 de l\u2019Etat donne l\u2019exemple.<\/p>\n<p>Je crois savoir aussi que les autorit\u00e9s marocaines vont faciliter la vaccination g\u00e9n\u00e9rale de tout le pays y compris celle des r\u00e9sidents. C\u2019est l\u00e0 un geste \u00e0 la fois intelligent et g\u00e9n\u00e9reux\u00a0\u00bb, a-t-il soulign\u00e9.<\/p>\n<p>Auteur: M&rsquo;hammed rahal<br \/>\n<a href=\"http:\/\/albayane.press.ma\/%EF%BB%BFle-maroc-donne-lexemple-sous-limpulsion-de-sm-le-roi-mohammed-vi.html\">Cliquez ici pour lire l&rsquo;article depuis sa source.<\/a><\/p>\n","protected":false},"excerpt":{"rendered":"<p>La culture au temps du Covid Entretien r\u00e9alis\u00e9 par Jalila AJAJA-MAP En promouvant la culture y compris durant la pand\u00e9mie du Covid-19, et en prouvant au monde entier que l\u2019on peut concilier culture et sant\u00e9\/sant\u00e9 et culture, le Maroc, sous l\u2019impulsion de Sa Majest\u00e9 le Roi Mohammed VI, donne l\u2019exemple, a affirm\u00e9 le Pr\u00e9sident de [&hellip;]<\/p>\n","protected":false},"author":1760,"featured_media":0,"comment_status":"closed","ping_status":"closed","sticky":false,"template":"","format":"standard","meta":{"fifu_image_url":"","fifu_image_alt":"","footnotes":""},"categories":[73,54],"tags":[],"class_list":["post-110374","post","type-post","status-publish","format-standard","hentry","category-actualite","category-maroc"],"_links":{"self":[{"href":"https:\/\/linitiative.ca\/International\/wp-json\/wp\/v2\/posts\/110374","targetHints":{"allow":["GET"]}}],"collection":[{"href":"https:\/\/linitiative.ca\/International\/wp-json\/wp\/v2\/posts"}],"about":[{"href":"https:\/\/linitiative.ca\/International\/wp-json\/wp\/v2\/types\/post"}],"author":[{"embeddable":true,"href":"https:\/\/linitiative.ca\/International\/wp-json\/wp\/v2\/users\/1760"}],"replies":[{"embeddable":true,"href":"https:\/\/linitiative.ca\/International\/wp-json\/wp\/v2\/comments?post=110374"}],"version-history":[{"count":0,"href":"https:\/\/linitiative.ca\/International\/wp-json\/wp\/v2\/posts\/110374\/revisions"}],"wp:attachment":[{"href":"https:\/\/linitiative.ca\/International\/wp-json\/wp\/v2\/media?parent=110374"}],"wp:term":[{"taxonomy":"category","embeddable":true,"href":"https:\/\/linitiative.ca\/International\/wp-json\/wp\/v2\/categories?post=110374"},{"taxonomy":"post_tag","embeddable":true,"href":"https:\/\/linitiative.ca\/International\/wp-json\/wp\/v2\/tags?post=110374"}],"curies":[{"name":"wp","href":"https:\/\/api.w.org\/{rel}","templated":true}]}}