{"id":110375,"date":"2021-02-01T09:23:21","date_gmt":"2021-02-01T14:23:21","guid":{"rendered":"https:\/\/linitiative.ca\/International\/%ef%bb%bflima-prepare-un-grand-evenement-sur-lhistoire-des-juifs-dorient-ou-le-maroc-occupera-une-place-imminente\/"},"modified":"2021-02-01T09:23:21","modified_gmt":"2021-02-01T14:23:21","slug":"%ef%bb%bflima-prepare-un-grand-evenement-sur-lhistoire-des-juifs-dorient-ou-le-maroc-occupera-une-place-imminente","status":"publish","type":"post","link":"https:\/\/linitiative.ca\/International\/%ef%bb%bflima-prepare-un-grand-evenement-sur-lhistoire-des-juifs-dorient-ou-le-maroc-occupera-une-place-imminente\/","title":{"rendered":"\ufeffL\u2019IMA pr\u00e9pare un grand \u00e9v\u00e8nement sur l\u2019histoire des juifs d\u2019Orient o\u00f9 le Maroc occupera \u00abune place imminente\u00bb"},"content":{"rendered":"<p class=\"c2\"><strong>Selon son pr\u00e9sident Jack Lang<\/strong><\/p>\n<p><strong>L\u2019Institut du Monde Arabe (IMA) pr\u00e9pare, pour l\u2019automne prochain, un grand \u00e9v\u00e8nement sur l\u2019histoire des juifs d\u2019Orient et dans le monde arabe, une premi\u00e8re mondiale o\u00f9 le Maroc occupera \u00ab\u00a0une place imminente\u00a0\u00bb, a annonc\u00e9 le Pr\u00e9sident de l\u2019IMA, Jack Lang.<\/strong><\/p>\n<p>En d\u00e9pit de la pand\u00e9mie du Covid-19, l\u2019IMA maintient ses projets et pr\u00e9pare plusieurs \u00e9v\u00e8nements phares dont le plus important est celui qui aura lieu \u00e0 l\u2019automne prochain. Il s\u2019agit d\u2019une exposition sur l\u2019histoire plurimill\u00e9naire des juifs d\u2019Orient et dans le monde arabe. Une premi\u00e8re au niveau mondial, a confi\u00e9 M. Lang dans un entretien \u00e0 la MAP.<\/p>\n<p>Pour assurer pleine r\u00e9ussite \u00e0 ce grand \u00e9v\u00e8nement, l\u2019Institut du Monde Arabe a sollicit\u00e9 \u00ab\u00a0un tr\u00e8s grand nombre de pays pour nous pr\u00eater des \u0153uvres, des documents et des vestiges de toute premi\u00e8re qualit\u00e9\u00a0\u00bb, a-t-il indiqu\u00e9. \u00ab\u00a0Il va de soi, \u00e9videmment, que le Maroc sera tr\u00e8s pr\u00e9sent \u00e0 l\u2019int\u00e9rieur de cet \u00e9v\u00e8nement sur l\u2019Histoire des juifs.<\/p>\n<p>On sait \u00e0 quel point le juda\u00efsme marocain est un juda\u00efsme original, singulier et a profond\u00e9ment marqu\u00e9 la culture et la vie marocaine\u00a0\u00bb, a soulign\u00e9 le pr\u00e9sident de l\u2019IMA.<\/p>\n<p>Il a tenu \u00e0 souligner, dans ce contexte, l\u2019exception marocaine qui revendique la diversit\u00e9 de ses influents culturels et intellectuels et met en valeur tous les h\u00e9ritages culturels et spirituels du pays.<\/p>\n<p>\u00ab\u00a0Le Maroc est une exception. Je me r\u00e9f\u00e8re au fameux pr\u00e9ambule de la Constitution marocaine o\u00f9 il est rappel\u00e9 que le Maroc revendique parmi les diff\u00e9rents h\u00e9ritages, l\u2019h\u00e9ritage h\u00e9bra\u00efque. Sa Majest\u00e9 le Roi Mohammed VI a r\u00e9cemment annonc\u00e9 la cr\u00e9ation \u00e0 F\u00e8s d\u2019un mus\u00e9e du juda\u00efsme.<\/p>\n<p>Le Souverain marocain a encourag\u00e9 de nombreux chantiers de restauration et de pr\u00e9servation du patrimoine juif (synagogues, cimeti\u00e8res\u2026). De m\u00eame, parmi les mesures tr\u00e8s remarquables prises par le Maroc, celle d\u2019introduire l\u2019histoire du juda\u00efsme marocain dans les manuels scolaires.<\/p>\n<p>Tout cela constitue une source de r\u00e9jouissance pour tous ceux qui croient \u00e0 la pluralit\u00e9 des cultures et des croyances. C\u2019est formidable !\u00a0\u00bb, s\u2019est-il f\u00e9licit\u00e9.<\/p>\n<p>\u00ab\u00a0Donc, cet \u00e9v\u00e8nement de l\u2019automne 2021 sera un \u00e9v\u00e8nement qui aura un rayonnement mondial et le Maroc y occupera une place imminente\u00a0\u00bb, a assur\u00e9 le Pr\u00e9sident de l\u2019IMA, soulignant que des caract\u00e9ristiques du juda\u00efsme marocain seront pr\u00e9sent\u00e9es dans cette exposition.<\/p>\n<p>\u00ab\u00a0Il y aura \u00e9videmment F\u00e8s, Essaouira et toutes les villes marocaines seront au rendez-vous de cet \u00e9v\u00e8nement d\u00e9di\u00e9 \u00e0 l\u2019histoire plurimill\u00e9naire des juifs d\u2019Orient\u00a0\u00bb, a-t-il dit.<\/p>\n<p>Selon M. Jack Lang, malgr\u00e9 la pand\u00e9mie du Coronavirus, l\u2019IMA poursuit sa strat\u00e9gie et ses projets demeurent tr\u00e8s nombreux. \u00ab\u00a0Certes, l\u2019IMA a \u00e9t\u00e9 oblig\u00e9 \u00e0 plusieurs reprises \u00e0 fermer ses portes au rythme des exigences dict\u00e9es par les autorit\u00e9s sanitaires, mais en m\u00eame temps nous avons pleinement utilis\u00e9 les r\u00e9seaux et internet et nous avons pu \u00e0 diff\u00e9rentes reprises propager nos activit\u00e9s (conf\u00e9rences, d\u00e9bats, rencontres avec les \u00e9crivains, concerts) et toutes les manifestations qui caract\u00e9risent la vie m\u00eame de l\u2019IMA\u00a0\u00bb, a-t-il soulign\u00e9.<\/p>\n<p>\u00ab\u00a0Nous sommes pr\u00e9sents en permanence sur internet et les retours que nous recevons de diff\u00e9rents pays, de France aussi montrent que ces activit\u00e9s artistiques et culturelles transmises par le syst\u00e8me digital obtiennent un grand succ\u00e8s\u00a0\u00bb, s\u2019est f\u00e9licit\u00e9 M. Lang.<\/p>\n<p>Les projets de l\u2019IMA sont tr\u00e8s nombreux. \u00ab\u00a0D\u2019abord, nous attendons la fin de cette p\u00e9riode pour ouvrir au public notre exposition du d\u00e9but d\u2019ann\u00e9e d\u00e9di\u00e9e aux grandes divas du monde arabe : Oum Kelthoum, Fayrouz, Warda et beaucoup d\u2019autres\u00a0\u00bb.<\/p>\n<p>\u00ab\u00a0Ce sera un \u00e9v\u00e8nement assez marquant qui mettra en valeur ce que ces divas ont apport\u00e9 \u00e0 la vie artistique aujourd\u2019hui encore et ont permis aux femmes de mener leur combat pour l\u2019\u00e9mancipation. Ce sera un \u00e9v\u00e8nement, je l\u2019esp\u00e8re, assez marquant\u00a0\u00bb.<\/p>\n<p>\u00ab\u00a0Peut \u00eatre l\u2019ouverture se produira en mars ou en avril prochains\u00a0\u00bb. \u00ab\u00a0L\u2019exposition est pr\u00eate. Elle n\u2019attend qu\u2019une seule chose, le feu vert des autorit\u00e9s sanitaires pour \u00eatre ouverte au public\u00a0\u00bb, a-t-il assur\u00e9.<\/p>\n<p>S\u2019agissant de l\u2019enseignement de la langue arabe qui est l\u2019une des caract\u00e9ristiques de l\u2019IMA, M. Lang, auteur du livre \u00ab\u00a0La langue arabe, tr\u00e9sor de France\u00a0\u00bb, affirme que cet enseignement est assur\u00e9 avec \u00ab\u00a0beaucoup de succ\u00e8s aupr\u00e8s des petits comme des grands\u00a0\u00bb.<\/p>\n<p>\u00ab\u00a0Nous n\u2019avons pas interrompu notre enseignement de la langue arabe que nous poursuivons par les m\u00e9thodes que nous permettent les technologies contemporaines\u00a0\u00bb, s\u2019est-il r\u00e9joui.<\/p>\n<p>Enfin, le Pr\u00e9sident de l\u2019IMA a exprim\u00e9 son impatience de se rendre au Maroc le plus t\u00f4t possible. \u00ab\u00a0Mon r\u00eave est de revenir au Maroc, renouer avec mes amis et mes connaissances, une fois la fermeture des fronti\u00e8res lev\u00e9e\u00a0\u00bb, a-t-il affirm\u00e9.<\/p>\n<p>Auteur: M&rsquo;hammed rahal<br \/>\n<a href=\"http:\/\/albayane.press.ma\/%EF%BB%BFlima-prepare-un-grand-evenement-sur-lhistoire-des-juifs-dorient-ou-le-maroc-occupera-une-place-imminente.html\">Cliquez ici pour lire l&rsquo;article depuis sa source.<\/a><\/p>\n","protected":false},"excerpt":{"rendered":"<p>Selon son pr\u00e9sident Jack Lang L\u2019Institut du Monde Arabe (IMA) pr\u00e9pare, pour l\u2019automne prochain, un grand \u00e9v\u00e8nement sur l\u2019histoire des juifs d\u2019Orient et dans le monde arabe, une premi\u00e8re mondiale o\u00f9 le Maroc occupera \u00ab\u00a0une place imminente\u00a0\u00bb, a annonc\u00e9 le Pr\u00e9sident de l\u2019IMA, Jack Lang. En d\u00e9pit de la pand\u00e9mie du Covid-19, l\u2019IMA maintient ses [&hellip;]<\/p>\n","protected":false},"author":1760,"featured_media":0,"comment_status":"closed","ping_status":"closed","sticky":false,"template":"","format":"standard","meta":{"fifu_image_url":"","fifu_image_alt":"","footnotes":""},"categories":[73,54],"tags":[],"class_list":["post-110375","post","type-post","status-publish","format-standard","hentry","category-actualite","category-maroc"],"_links":{"self":[{"href":"https:\/\/linitiative.ca\/International\/wp-json\/wp\/v2\/posts\/110375","targetHints":{"allow":["GET"]}}],"collection":[{"href":"https:\/\/linitiative.ca\/International\/wp-json\/wp\/v2\/posts"}],"about":[{"href":"https:\/\/linitiative.ca\/International\/wp-json\/wp\/v2\/types\/post"}],"author":[{"embeddable":true,"href":"https:\/\/linitiative.ca\/International\/wp-json\/wp\/v2\/users\/1760"}],"replies":[{"embeddable":true,"href":"https:\/\/linitiative.ca\/International\/wp-json\/wp\/v2\/comments?post=110375"}],"version-history":[{"count":0,"href":"https:\/\/linitiative.ca\/International\/wp-json\/wp\/v2\/posts\/110375\/revisions"}],"wp:attachment":[{"href":"https:\/\/linitiative.ca\/International\/wp-json\/wp\/v2\/media?parent=110375"}],"wp:term":[{"taxonomy":"category","embeddable":true,"href":"https:\/\/linitiative.ca\/International\/wp-json\/wp\/v2\/categories?post=110375"},{"taxonomy":"post_tag","embeddable":true,"href":"https:\/\/linitiative.ca\/International\/wp-json\/wp\/v2\/tags?post=110375"}],"curies":[{"name":"wp","href":"https:\/\/api.w.org\/{rel}","templated":true}]}}