{"id":110376,"date":"2021-02-01T09:59:46","date_gmt":"2021-02-01T14:59:46","guid":{"rendered":"https:\/\/linitiative.ca\/International\/les-provinces-de-sud-lemploi-des-jeunes-et-si-ca-serait-une-cause-nationale\/"},"modified":"2021-02-01T09:59:46","modified_gmt":"2021-02-01T14:59:46","slug":"les-provinces-de-sud-lemploi-des-jeunes-et-si-ca-serait-une-cause-nationale","status":"publish","type":"post","link":"https:\/\/linitiative.ca\/International\/les-provinces-de-sud-lemploi-des-jeunes-et-si-ca-serait-une-cause-nationale\/","title":{"rendered":"Les provinces de Sud, l\u2019emploi des jeunes et si \u00e7a serait une cause nationale ?"},"content":{"rendered":"<p class=\"c2\"><strong>Mohamed Oueld Lfadel EZZAHOU<\/strong><\/p>\n<p><em><strong>\u00ab\u00a0Tant que le potentiel des jeunes ne sera pas exploit\u00e9 de mani\u00e8re productive, ni eux ni la soci\u00e9t\u00e9 ne pourront pr\u00e9tendre \u00e0 un avenir satisfaisant\u2026A l\u2019\u00e9vidence, offrir du travail d\u00e9cent aux jeunes et mettre ainsi fin \u00e0 la crise de l\u2019emploi des jeunes est l\u2019un des principaux enjeux de notre \u00e9poque.\u00a0\u00bb<\/strong><\/em> <strong>Juan Somavia, Ex-Directeur g\u00e9n\u00e9ral du BIT<\/strong><\/p>\n<p>Ces derniers jours, l\u2019on a assist\u00e9 \u00e0 une inflation des c\u00e9r\u00e9monies d\u00e9clarant la cr\u00e9ation de centres de formation et\/ou des centres universitaires dans les villes des provinces de Sud. Si cette tendance, qui a \u00e9t\u00e9 objet de plusieurs revendications des citoyens de ces r\u00e9gions, est louable et m\u00e9rite d\u2019\u00eatre salu\u00e9e, toutefois plusieurs questions se posent sur l\u2019utilit\u00e9, l\u2019efficacit\u00e9 et l\u2019opportunit\u00e9 de tels choix dans des r\u00e9gions caract\u00e9ris\u00e9es par une quasi-absence du secteur priv\u00e9 et d\u2019opportunit\u00e9s d\u2019emploi avec un taux de ch\u00f4mage des plus \u00e9lev\u00e9s au niveau national.<\/p>\n<ul>\n<li><strong>Les provinces de Sud\u00a0: Une croissance exceptionnelle sans impacts sur l\u2019emploi<\/strong><\/li>\n<\/ul>\n<p>Nul ne peut ignorer l\u2019effort gigantesque consenti par les pouvoirs publics pour le d\u00e9veloppement \u00e9conomique et sociale des provinces de Sud. En fait, les chiffres de l\u2019investissement public en t\u00e9moignent avec 3,9% de l\u2019investissement du budget g\u00e9n\u00e9ral et 3% de celui des \u00e9tablissements publics en 2019 (MEFRA, 2019). Premier investisseur et premier employeur dans les provinces du Sud, l\u2019Etat a jou\u00e9 un r\u00f4le structurant dans la mise en place des infrastructures, dans l\u2019acc\u00e8s effectif des citoyens aux services essentiels et dans la lutte contre la pauvret\u00e9 selon le CESE.<\/p>\n<p>Le tableau suivant r\u00e9sume les principaux indicateurs affich\u00e9s par ces provinces\u00a0:(IMAGE 1)<\/p>\n<div class=\"wp-block-image\"><img loading=\"lazy\" decoding=\"async\" src=\"http:\/\/albayane.press.ma\/wp-content\/uploads\/12-1.png\" alt=\"\" class=\"wp-image-104475\" width=\"547\" height=\"190\"\/><\/div>\n<p>Source\u00a0:\u00a0 Profils r\u00e9gionaux, Minist\u00e8re EFRA, D\u00e9cembre 2019<\/p>\n<p>Selon le Chef de Gouvernement lors de son dernier oral mensuel au parlement au sujet \u00a0du d\u00e9veloppement des provinces du sud, le programme de d\u00e9veloppement de ces provinces \u00a0comporte des contrats-programme pour la r\u00e9alisation de plus de 700 projets, pour lesquels une enveloppe globale de 77 MMDH a \u00e9t\u00e9 allou\u00e9e, avant d\u2019\u00eatre, \u00a0port\u00e9e \u00e0 85 MMDH par la suite.<\/p>\n<p>Parmi les projets programm\u00e9s \u00e0 cet effet, figurent de grands projets structurants, notamment la voie express Tiznit-Dakhla sur 1.055 km (10 MMDH), le programme industriel \u00ab\u00a0Phosboucraa\u00a0\u00bb \u00e0 La\u00e2youne (17,5 MMDH) ainsi que le port Dakhla Atlantique (10 MMDH).<\/p>\n<p>Cependant, tous ces efforts consentis n\u2019ont pas eu d\u2019impact positif sur la cr\u00e9ation de l\u2019emploi et surtout celui des jeunes et des dipl\u00f4m\u00e9s plus particuli\u00e8rement, qui constituent de surcro\u00eet, une grande partie de la population qui est \u00e0 plus de 96% urbaine.<\/p>\n<p>Ainsi, sur les 20 derni\u00e8res ann\u00e9es et selon les donn\u00e9es de l\u2019HCP, le taux de ch\u00f4mage global dans les provinces de sud d\u00e9passait largement celui enregistr\u00e9 au niveau national. En effet, en moyenne il le d\u00e9passe par plus de 72% (plus de 100% en 2006). Le taux le plus bas a \u00e9t\u00e9 enregistr\u00e9 en 2010\u00a0(11.40 contre 9.10 au niveau national). Cela a co\u00efncid\u00e9 avec la compagne nationale de recrutement directe dans la fonction publique au profit des dipl\u00f4m\u00e9s ch\u00f4meurs ayant un dipl\u00f4me sup\u00e9rieur.<\/p>\n<p>Le graphique ci-apr\u00e8s donne l\u2019\u00e9volution du taux de ch\u00f4mage dans les provinces de sud comparativement \u00e0 celui enregistr\u00e9 au niveau national entre 1999 et 2019.<\/p>\n<p>(IMAGE 2)<\/p>\n<div class=\"wp-block-image\"><img loading=\"lazy\" decoding=\"async\" src=\"http:\/\/albayane.press.ma\/wp-content\/uploads\/image2.png\" alt=\"\" class=\"wp-image-104476\" width=\"532\" height=\"213\"\/><\/div>\n<p class=\"c3\"><em>Source HCP<\/em><\/p>\n<ul>\n<li><strong>\u00a0Une insertion par la formation\u00a0: Former n\u2019est pas employer<\/strong><\/li>\n<\/ul>\n<p>Interrog\u00e9s sur leurs motivations pour le choix d\u2019un tel ou tel \u00e9tablissement ou fili\u00e8re de formation malgr\u00e9 leurs niveaux de formation ou le nombre dipl\u00f4mes qu\u2019ils ont obtenus, un bon nombre de jeunes des provinces de sud en formation r\u00e9pondent \u00ab<em>\u00a0<\/em><em>pour ne pas rester chez soi sans rien faire<\/em><em>\u00a0\u00bb<\/em>. Un jeune au ch\u00f4mage ou inactif est nettement plus inquiet que celui en emploi ou, dans une moindre mesure, en formation. La formation est donc plut\u00f4t v\u00e9cue, toutes choses \u00e9gales par ailleurs, comme un investissement rassurant pour l\u2019avenir professionnel, tandis que l\u2019inactivit\u00e9, qu\u2019elle soit voulue ou non, est ressentie comme un \u00e9loignement de l\u2019emploi. ( C\u00c9REQ, BREF N\u00b0 361, 2018).<\/p>\n<p>Aux provinces de Sud se former, n\u2019importe o\u00f9 ou comment, est le seul moyen pour pallier \u00e0 la probl\u00e9matique du ch\u00f4mage qui atteint des taux records dans la r\u00e9gion avec 16,30% en 2019 contre 9.20% comme moyenne nationale. Ce choix raisonn\u00e9 est motiv\u00e9 par l\u2019absence d\u2019un tissu \u00e9conomique formel, fort et diversifi\u00e9 pour accueillir le nombre accru des jeunes laur\u00e9ats des diff\u00e9rentes sp\u00e9cialit\u00e9s et \u00e9coles malgr\u00e9 les promesses, non tenues, du secteur priv\u00e9 \u00e0 travers la CGEM qui a annonc\u00e9 en 2015 la cr\u00e9ation de 10.300 emplois\u00a0 \u00e0 travers 59 projets \u00e0 r\u00e9aliser pour un montant de 5,4 milliards de dirhams\u00a0!!<\/p>\n<p>Cette orientation politique au mod\u00e8le des \u00e9tudes longues et de l\u2019inflation des \u00e9tablissements de formation ne serait-elle pas une simple fuite en avant provoqu\u00e9e par la politique de formation sup\u00e9rieure et professionnelle de ces derni\u00e8res ann\u00e9es, et un pur calcul utilitariste face \u00e0 la menace du ch\u00f4mage. Par ailleurs, il ne s\u2019agit pas seulement de former, d\u2019attirer ou de retenir des \u00e9tudiants, mais aussi de capter des ressources car la \u201ct\u00eate d\u2019\u00e9tudiant\u201d reste l\u2019unit\u00e9 de mesure du syst\u00e8me de financement.<\/p>\n<p>Les cr\u00e9ations des universit\u00e9s et des dipl\u00f4mes sont tr\u00e8s souvent guid\u00e9es par un m\u00eame slogan: professionnaliser. Ce qui se traduit par l\u2019int\u00e9gration des besoins exprim\u00e9s par l\u2019environnement socio-\u00e9conomique local. Toutefois, deux \u00e9l\u00e9ments rendent difficile, voire impossible, l\u2019atteinte de cet objectif. \u00a0<\/p>\n<p>Primo, les \u00e9tablissements ne disposent pas de moyens permettant d\u2019\u00e9valuer la r\u00e9alit\u00e9 de la demande et son \u00e9volution future, m\u00eame dans un avenir proche. Quand on fait \u00e9tat de l\u2019existence de cette demande, cette derni\u00e8re reste plus pr\u00e9sum\u00e9e que mesur\u00e9e. De plus, les \u00e9tablissements de formation et les universit\u00e9s ne disposent ni du temps ni des comp\u00e9tences n\u00e9cessaires pour se faire une opinion sur ce point.<\/p>\n<p>Secondo, la reconnaissance des besoins ext\u00e9rieurs est d\u00e9sormais l\u00e9gitime et tend \u00e0 \u00e9vincer les crit\u00e8res de qualit\u00e9 exclusivement acad\u00e9miques fond\u00e9s sur la valeur intrins\u00e8que des enseignements. Cette reconnaissance est devenue comme un argument plus ais\u00e9 \u00e0 mobiliser que les \u00e9tablissements ne peuvent \u00e9valuer si la demande est pertinente et tangible. (S. MIGNOT-G\u00c9RARD ET C. MUSSELIN 2001\/2)<\/p>\n<p>La th\u00e8se de l\u2019inflation \u00ab\u00a0formative\u00a0\u00bb r\u00e9duit implicitement la valeur des dipl\u00f4mes au prix que l\u2019\u00e9tat actuel du march\u00e9 du travail leur impose \u00e0 l\u2019embauche. La classification des emplois est une chose, l\u2019usage que les employeurs font dans ces emplois des capacit\u00e9s attest\u00e9es par les dipl\u00f4mes en est une autre.<\/p>\n<p>Nous sommes actuellement dans l\u2019impossibilit\u00e9 de stopper cette inflation et de lui opposer des crit\u00e8res d\u2019\u00e9valuation et de s\u00e9lection l\u00e9gitimes et pertinents permettant d\u2019exercer une action r\u00e9gulatrice.<\/p>\n<p>Il est fort clair, que nos d\u00e9cideurs ont du mal \u00e0 se d\u00e9barrasser de l\u2019illusion selon laquelle les dipl\u00f4mes pourraient se d\u00e9multiplier sans que leur relation \u00e0 l\u2019emploi n\u2019\u00e9volue profond\u00e9ment. Ce qui nous pousse \u00e0 crier voix haute que notre jeunesse au Sud comme partout au Maroc, a besoin d\u2019une reconnaissance et de trouver sa dignit\u00e9 et ce \u00e0 travers un emploi d\u00e9cent.<\/p>\n<p>La solution est l\u00e0 : elle a \u00e9t\u00e9 clairement annonc\u00e9e par sa Majest\u00e9 dans son Discours, le Vendredi 13 Octobre 2017 devant les membres des deux Chambres du Parlement : \u00ab\u00a0 <em>Aujourd\u2019hui, les Marocains veulent que leurs enfants b\u00e9n\u00e9ficient d\u2019un\u2026\u2026\u2026enseignement de qualit\u00e9 qui leur permette, d\u2019acc\u00e9der au march\u00e9 du travail, et de s\u2019y ins\u00e9rer ais\u00e9ment, et qui contribue \u00e0 la promotion individuelle et collective. Et non un enseignement qui fonctionne comme une machine \u00e0 fabriquer des l\u00e9gions de dipl\u00f4m\u00e9s ch\u00f4meurs\u00a0\u00bb.<\/em><\/p>\n<p>Auteur: M&rsquo;hammed rahal<br \/>\n<a href=\"http:\/\/albayane.press.ma\/les-provinces-de-sud-lemploi-des-jeunes-et-si-ca-serait-une-cause-nationale.html\">Cliquez ici pour lire l&rsquo;article depuis sa source.<\/a><\/p>\n","protected":false},"excerpt":{"rendered":"<p>Mohamed Oueld Lfadel EZZAHOU \u00ab\u00a0Tant que le potentiel des jeunes ne sera pas exploit\u00e9 de mani\u00e8re productive, ni eux ni la soci\u00e9t\u00e9 ne pourront pr\u00e9tendre \u00e0 un avenir satisfaisant\u2026A l\u2019\u00e9vidence, offrir du travail d\u00e9cent aux jeunes et mettre ainsi fin \u00e0 la crise de l\u2019emploi des jeunes est l\u2019un des principaux enjeux de notre \u00e9poque.\u00a0\u00bb [&hellip;]<\/p>\n","protected":false},"author":1760,"featured_media":0,"comment_status":"closed","ping_status":"closed","sticky":false,"template":"","format":"standard","meta":{"fifu_image_url":"http:\/\/albayane.press.ma\/wp-content\/uploads\/12-1.png","fifu_image_alt":"Les provinces de Sud, l\u2019emploi des jeunes et si \u00e7a serait une cause nationale ?","footnotes":""},"categories":[73,54],"tags":[],"class_list":["post-110376","post","type-post","status-publish","format-standard","hentry","category-actualite","category-maroc"],"_links":{"self":[{"href":"https:\/\/linitiative.ca\/International\/wp-json\/wp\/v2\/posts\/110376","targetHints":{"allow":["GET"]}}],"collection":[{"href":"https:\/\/linitiative.ca\/International\/wp-json\/wp\/v2\/posts"}],"about":[{"href":"https:\/\/linitiative.ca\/International\/wp-json\/wp\/v2\/types\/post"}],"author":[{"embeddable":true,"href":"https:\/\/linitiative.ca\/International\/wp-json\/wp\/v2\/users\/1760"}],"replies":[{"embeddable":true,"href":"https:\/\/linitiative.ca\/International\/wp-json\/wp\/v2\/comments?post=110376"}],"version-history":[{"count":0,"href":"https:\/\/linitiative.ca\/International\/wp-json\/wp\/v2\/posts\/110376\/revisions"}],"wp:attachment":[{"href":"https:\/\/linitiative.ca\/International\/wp-json\/wp\/v2\/media?parent=110376"}],"wp:term":[{"taxonomy":"category","embeddable":true,"href":"https:\/\/linitiative.ca\/International\/wp-json\/wp\/v2\/categories?post=110376"},{"taxonomy":"post_tag","embeddable":true,"href":"https:\/\/linitiative.ca\/International\/wp-json\/wp\/v2\/tags?post=110376"}],"curies":[{"name":"wp","href":"https:\/\/api.w.org\/{rel}","templated":true}]}}