{"id":110377,"date":"2021-02-01T10:06:21","date_gmt":"2021-02-01T15:06:21","guid":{"rendered":"https:\/\/linitiative.ca\/International\/%ef%bb%bfmaintenir-la-liste-nationale-des-jeunes-et-la-democratiser\/"},"modified":"2021-02-01T10:06:21","modified_gmt":"2021-02-01T15:06:21","slug":"%ef%bb%bfmaintenir-la-liste-nationale-des-jeunes-et-la-democratiser","status":"publish","type":"post","link":"https:\/\/linitiative.ca\/International\/%ef%bb%bfmaintenir-la-liste-nationale-des-jeunes-et-la-democratiser\/","title":{"rendered":"\ufeffMaintenir la liste nationale des jeunes et la d\u00e9mocratiser"},"content":{"rendered":"<p class=\"c2\"><strong>Le Gouvernement Parall\u00e8le des Jeunes<\/strong><\/p>\n<p><strong>Quelque 86% des d\u00e9put\u00e9s, issus de la liste nationale des jeunes sont pour le maintien, le r\u00e9am\u00e9nagement et la bonne utilisation de ce quota (30 si\u00e8ges) dans le but de s\u2019assurer de la participation politique des jeunes et de leur mobilisation, selon le Gouvernement Parall\u00e8le des Jeunes (GPJ), qui s\u2019appuie sur les r\u00e9sultats d\u2019une \u00e9tude, qu\u2019il a r\u00e9alis\u00e9e aupr\u00e8s d\u2019un \u00e9chantillon de ces d\u00e9put\u00e9s.<\/strong><\/p>\n<p>La contribution de ces d\u00e9put\u00e9s dans la production des lois et le contr\u00f4le de l\u2019action gouvernementale est reconnue de tous, rappellent ces d\u00e9put\u00e9s. Par leur dynamisme de jeunes, certains d\u2019entre eux constituent l\u2019\u00e9pine dorsale de plusieurs commissions parlementaires.<\/p>\n<p>Tout en soulignant que la liste nationale des jeunes est un \u00ab\u00a0acquis\u00a0\u00bb qu\u2019il faut maintenir, car il permet \u00ab\u00a0la participation\u00a0\u00bb des jeunes de moins de 40 ans dans la vie politique du pays, ils recommandent l\u2019am\u00e9lioration et le r\u00e9am\u00e9nagement de cette liste, qui n\u2019est pas \u00ab\u00a0une fin en soi\u00a0\u00bb, \u00e0 travers notamment la mise sur pied d\u2019un certain nombre de correctifs pour emp\u00eacher que des partis politiques ne l\u2019utilisent pour d\u00e9signer leurs favoris et leurs proches sans respect de la d\u00e9mocratie interne.<\/p>\n<p>Au fond, le probl\u00e8me concerne non pas la nature de ce proc\u00e9d\u00e9, mais plut\u00f4t sa gestion de la part des partis politiques, dont certains ont tendance \u00e0 pi\u00e9tiner les r\u00e8gles d\u00e9mocratiques qu\u2019ils pr\u00e9tendent d\u00e9fendre et de la bonne gouvernance.<\/p>\n<p>Nombreux sont aussi les jeunes d\u00e9put\u00e9s qui soulignent la n\u00e9cessit\u00e9 pour les partis politiques de d\u00e9mocratiser le choix des jeunes \u00e0 retenir dans le cadre de ce quota et de mettre en place pour ce faire des r\u00e8gles d\u00e9mocratiques \u00e0 respecter au niveau interne.<\/p>\n<p>L\u2019acquis de la liste nationale doit \u00eatre maintenu. Mieux encore il doit \u00eatre renforc\u00e9 par des listes r\u00e9gionales pour permettre aux jeunes de d\u00e9fendre eux-m\u00eames les revendications des jeunes au niveau des r\u00e9gions, d\u2019apr\u00e8s les d\u00e9put\u00e9s interview\u00e9s.<\/p>\n<p>Pour les organisations des Jeunesses partisanes, il n\u2019est pas question de revenir aujourd\u2019hui sur un acquis arrach\u00e9 de haute lutte dans le cadre des mouvements ayant pr\u00e9c\u00e9d\u00e9 l\u2019adoption de la Constitution de 2011, \u00e0 savoir la liste nationale des jeunes.<\/p>\n<p>Dans un communiqu\u00e9 conjoint, rendu public r\u00e9cemment, ces organisations estiment m\u00eame n\u00e9cessaire de proc\u00e9der d\u2019abord \u00e0 une \u00e9valuation de l\u2019exp\u00e9rience de la liste nationale pour en saisir l\u2019importance dans l\u2019initiation des jeunes et la formation de la rel\u00e8ve des \u00e9lites politiques dans le pays avant de d\u00e9battre de son maintien ou de sa suppression.<\/p>\n<p>M\u2019Barek Tafsi<\/p>\n<p>Auteur: M&rsquo;hammed rahal<br \/>\n<a href=\"http:\/\/albayane.press.ma\/%EF%BB%BFmaintenir-la-liste-nationale-des-jeunes-et-la-democratiser.html\">Cliquez ici pour lire l&rsquo;article depuis sa source.<\/a><\/p>\n","protected":false},"excerpt":{"rendered":"<p>Le Gouvernement Parall\u00e8le des Jeunes Quelque 86% des d\u00e9put\u00e9s, issus de la liste nationale des jeunes sont pour le maintien, le r\u00e9am\u00e9nagement et la bonne utilisation de ce quota (30 si\u00e8ges) dans le but de s\u2019assurer de la participation politique des jeunes et de leur mobilisation, selon le Gouvernement Parall\u00e8le des Jeunes (GPJ), qui s\u2019appuie [&hellip;]<\/p>\n","protected":false},"author":1760,"featured_media":0,"comment_status":"closed","ping_status":"closed","sticky":false,"template":"","format":"standard","meta":{"fifu_image_url":"","fifu_image_alt":"","footnotes":""},"categories":[73,54],"tags":[],"class_list":["post-110377","post","type-post","status-publish","format-standard","hentry","category-actualite","category-maroc"],"_links":{"self":[{"href":"https:\/\/linitiative.ca\/International\/wp-json\/wp\/v2\/posts\/110377","targetHints":{"allow":["GET"]}}],"collection":[{"href":"https:\/\/linitiative.ca\/International\/wp-json\/wp\/v2\/posts"}],"about":[{"href":"https:\/\/linitiative.ca\/International\/wp-json\/wp\/v2\/types\/post"}],"author":[{"embeddable":true,"href":"https:\/\/linitiative.ca\/International\/wp-json\/wp\/v2\/users\/1760"}],"replies":[{"embeddable":true,"href":"https:\/\/linitiative.ca\/International\/wp-json\/wp\/v2\/comments?post=110377"}],"version-history":[{"count":0,"href":"https:\/\/linitiative.ca\/International\/wp-json\/wp\/v2\/posts\/110377\/revisions"}],"wp:attachment":[{"href":"https:\/\/linitiative.ca\/International\/wp-json\/wp\/v2\/media?parent=110377"}],"wp:term":[{"taxonomy":"category","embeddable":true,"href":"https:\/\/linitiative.ca\/International\/wp-json\/wp\/v2\/categories?post=110377"},{"taxonomy":"post_tag","embeddable":true,"href":"https:\/\/linitiative.ca\/International\/wp-json\/wp\/v2\/tags?post=110377"}],"curies":[{"name":"wp","href":"https:\/\/api.w.org\/{rel}","templated":true}]}}