{"id":110385,"date":"2021-02-01T10:16:44","date_gmt":"2021-02-01T15:16:44","guid":{"rendered":"https:\/\/linitiative.ca\/International\/operation-de-vaccination-au-profit-du-personnel-de-la-prefecture-de-police\/"},"modified":"2021-02-01T10:16:44","modified_gmt":"2021-02-01T15:16:44","slug":"operation-de-vaccination-au-profit-du-personnel-de-la-prefecture-de-police","status":"publish","type":"post","link":"https:\/\/linitiative.ca\/International\/operation-de-vaccination-au-profit-du-personnel-de-la-prefecture-de-police\/","title":{"rendered":"Op\u00e9ration de vaccination au profit du personnel de la pr\u00e9fecture de police"},"content":{"rendered":"<p><iframe loading=\"lazy\" width=\"1170\" height=\"658\" src=\"https:\/\/www.youtube.com\/embed\/p7jN8SzC408?feature=oembed\" frameborder=\"0\" allow=\"accelerometer; autoplay; clipboard-write; encrypted-media; gyroscope; picture-in-picture\" allowfullscreen=\"\">[embedded content]<\/iframe><\/p>\n<div class=\"post-header-inner\">\n<div class=\"post-header-title\">\n<p>\n\t\t\t\t<span class=\"time\"><time class=\"post-published updated\" datetime=\"2021-02-01T16:16:44+00:00\"><b><b> 1 f\u00e9vrier 2021  <\/b> <\/b><\/time><\/span>\n\t\t\t<\/p>\n<\/p><\/div>\n<\/p><\/div>\n<div class=\"single-post-excerpt post-excerpt-bc\" readability=\"37\">\n<p>L\u2019op\u00e9ration de vaccination contre la Covid-19 a \u00e9t\u00e9 lanc\u00e9e, vendredi, au profit du personnel de la pr\u00e9fecture de police de Marrakech, dans le cadre de la campagne nationale de vaccination contre la pand\u00e9mie.<\/p>\n<\/div>\n<p>Auteur: Meriem IGASS<br \/>\n<a href=\"http:\/\/www.mapmarrakech.ma\/fr\/operation-de-vaccination-au-profit-du-personnel-de-la-prefecture-de-police-2\/\">Cliquez ici pour lire l&rsquo;article depuis sa source.<\/a><\/p>\n","protected":false},"excerpt":{"rendered":"<p>[embedded content] 1 f\u00e9vrier 2021 L\u2019op\u00e9ration de vaccination contre la Covid-19 a \u00e9t\u00e9 lanc\u00e9e, vendredi, au profit du personnel de la pr\u00e9fecture de police de Marrakech, dans le cadre de la campagne nationale de vaccination contre la pand\u00e9mie. Auteur: Meriem IGASS Cliquez ici pour lire l&rsquo;article depuis sa source.<\/p>\n","protected":false},"author":1788,"featured_media":0,"comment_status":"closed","ping_status":"closed","sticky":false,"template":"","format":"standard","meta":{"fifu_image_url":"","fifu_image_alt":"","footnotes":""},"categories":[54,76],"tags":[],"class_list":["post-110385","post","type-post","status-publish","format-standard","hentry","category-maroc","category-regions"],"_links":{"self":[{"href":"https:\/\/linitiative.ca\/International\/wp-json\/wp\/v2\/posts\/110385","targetHints":{"allow":["GET"]}}],"collection":[{"href":"https:\/\/linitiative.ca\/International\/wp-json\/wp\/v2\/posts"}],"about":[{"href":"https:\/\/linitiative.ca\/International\/wp-json\/wp\/v2\/types\/post"}],"author":[{"embeddable":true,"href":"https:\/\/linitiative.ca\/International\/wp-json\/wp\/v2\/users\/1788"}],"replies":[{"embeddable":true,"href":"https:\/\/linitiative.ca\/International\/wp-json\/wp\/v2\/comments?post=110385"}],"version-history":[{"count":0,"href":"https:\/\/linitiative.ca\/International\/wp-json\/wp\/v2\/posts\/110385\/revisions"}],"wp:attachment":[{"href":"https:\/\/linitiative.ca\/International\/wp-json\/wp\/v2\/media?parent=110385"}],"wp:term":[{"taxonomy":"category","embeddable":true,"href":"https:\/\/linitiative.ca\/International\/wp-json\/wp\/v2\/categories?post=110385"},{"taxonomy":"post_tag","embeddable":true,"href":"https:\/\/linitiative.ca\/International\/wp-json\/wp\/v2\/tags?post=110385"}],"curies":[{"name":"wp","href":"https:\/\/api.w.org\/{rel}","templated":true}]}}