{"id":110392,"date":"2021-02-01T15:14:05","date_gmt":"2021-02-01T20:14:05","guid":{"rendered":"https:\/\/linitiative.ca\/International\/international-real-madrid-lavenir-de-zidane-scelle-florentino-perez-a-choisi-son-successeur\/"},"modified":"2021-02-01T15:14:05","modified_gmt":"2021-02-01T20:14:05","slug":"international-real-madrid-lavenir-de-zidane-scelle-florentino-perez-a-choisi-son-successeur","status":"publish","type":"post","link":"https:\/\/linitiative.ca\/International\/international-real-madrid-lavenir-de-zidane-scelle-florentino-perez-a-choisi-son-successeur\/","title":{"rendered":"International : Real Madrid: l&rsquo;avenir de Zidane scell\u00e9, Florentino P\u00e9rez a choisi son successeur"},"content":{"rendered":"<div readability=\"32\">\n<p>Auteur : <span class=\"time\">lundi 01 f\u00e9vrier 2021 16:40<\/span><\/p>\n<\/div>\n<div id=\"post_core\" readability=\"44\">\n<p>En quinze jours, le Real Madrid a perdu la Supercoupe d&rsquo;Espagne, la Coupe du Roi et quasiment la Liga puisque sa d\u00e9faite contre Levante (1-2) ce week-end rel\u00e8gue le club merengue \u00e0 10 points de l&rsquo;Atl\u00e9tico Madrid, qui compte un match en retard. Cette situation fragilise forc\u00e9ment Zin\u00e9dine Zidane, qui va jouer gros lors des prochains rendez-vous, notamment en Ligue des champions avec en ligne de mire la double confrontation avec l&rsquo;Atalanta Bergame. Les m\u00e9dias espagnols s&rsquo;accordent tout de m\u00eame \u00e0 penser que le Marseillais devrait finir la saison. Mais selon Sport, son successeur est d\u00e9j\u00e0 connu. Le quotidien catalan affirme en effet que Florentino P\u00e9rez a tranch\u00e9 en faveur de Massimiliano Allegri, sans club depuis son d\u00e9part de la Juve en 2019. Le technicien italien serait aussi dans le viseur de l&rsquo;AS Rome rapporte But Football Club.<\/p>\n<p><strong>Publi\u00e9 dans :<\/strong> <span>Zidane<\/span> <span>P\u00e9rez<\/span><\/p>\n<\/div>\n<p>Auteur:<br \/>\n<a href=\"http:\/\/www.lebuteur.com\/article\/detail?titre=real-madrid-lavenir-de-zidane-scelle-florentino-perez-a-choisi-son-successeur&#038;id=98923&#038;utm_source=feedburner&#038;utm_medium=feed&#038;utm_campaign=Feed%3A+GalerieFArtciles+%28Les+derniers+articles++-+lebuteur.com%29\">Cliquez ici pour lire l&rsquo;article depuis sa source.<\/a><\/p>\n","protected":false},"excerpt":{"rendered":"<p>Auteur : lundi 01 f\u00e9vrier 2021 16:40 En quinze jours, le Real Madrid a perdu la Supercoupe d&rsquo;Espagne, la Coupe du Roi et quasiment la Liga puisque sa d\u00e9faite contre Levante (1-2) ce week-end rel\u00e8gue le club merengue \u00e0 10 points de l&rsquo;Atl\u00e9tico Madrid, qui compte un match en retard. Cette situation fragilise forc\u00e9ment Zin\u00e9dine [&hellip;]<\/p>\n","protected":false},"author":1738,"featured_media":0,"comment_status":"closed","ping_status":"closed","sticky":false,"template":"","format":"standard","meta":{"fifu_image_url":"\/\/cdn.lebuteur.com\/data\/images\/article\/thumbs\/large-real-madrid-lavenir-de-zidane-scelle-florentino-perez-a-choisi-son-successeur-297fe.jpg","fifu_image_alt":"International : Real Madrid: l'avenir de Zidane scell\u00e9, Florentino P\u00e9rez a choisi son successeur","footnotes":""},"categories":[53,75],"tags":[],"class_list":["post-110392","post","type-post","status-publish","format-standard","hentry","category-algerie","category-sport"],"_links":{"self":[{"href":"https:\/\/linitiative.ca\/International\/wp-json\/wp\/v2\/posts\/110392","targetHints":{"allow":["GET"]}}],"collection":[{"href":"https:\/\/linitiative.ca\/International\/wp-json\/wp\/v2\/posts"}],"about":[{"href":"https:\/\/linitiative.ca\/International\/wp-json\/wp\/v2\/types\/post"}],"author":[{"embeddable":true,"href":"https:\/\/linitiative.ca\/International\/wp-json\/wp\/v2\/users\/1738"}],"replies":[{"embeddable":true,"href":"https:\/\/linitiative.ca\/International\/wp-json\/wp\/v2\/comments?post=110392"}],"version-history":[{"count":0,"href":"https:\/\/linitiative.ca\/International\/wp-json\/wp\/v2\/posts\/110392\/revisions"}],"wp:attachment":[{"href":"https:\/\/linitiative.ca\/International\/wp-json\/wp\/v2\/media?parent=110392"}],"wp:term":[{"taxonomy":"category","embeddable":true,"href":"https:\/\/linitiative.ca\/International\/wp-json\/wp\/v2\/categories?post=110392"},{"taxonomy":"post_tag","embeddable":true,"href":"https:\/\/linitiative.ca\/International\/wp-json\/wp\/v2\/tags?post=110392"}],"curies":[{"name":"wp","href":"https:\/\/api.w.org\/{rel}","templated":true}]}}