{"id":110394,"date":"2021-02-01T15:14:10","date_gmt":"2021-02-01T20:14:10","guid":{"rendered":"https:\/\/linitiative.ca\/International\/pros-il-a-fait-son-choix-senhadji-belmadi-par-son-discours-fait-de-nous-des-joueurs-plus-que-motives\/"},"modified":"2021-02-01T15:14:10","modified_gmt":"2021-02-01T20:14:10","slug":"pros-il-a-fait-son-choix-senhadji-belmadi-par-son-discours-fait-de-nous-des-joueurs-plus-que-motives","status":"publish","type":"post","link":"https:\/\/linitiative.ca\/International\/pros-il-a-fait-son-choix-senhadji-belmadi-par-son-discours-fait-de-nous-des-joueurs-plus-que-motives\/","title":{"rendered":"Pros : Il a fait son choix: Senhadji : \u00abBelmadi par son discours fait de nous des joueurs plus que motiv\u00e9s \u00bb"},"content":{"rendered":"<div readability=\"32\">\n<p>Auteur : <span>Moumen Ait Kaci Ali<\/span> <span class=\"time\">lundi 01 f\u00e9vrier 2021 19:51<\/span><\/p>\n<\/div>\n<div id=\"post_core\" readability=\"122\">\n<p>A peine 23 ans, le jeune\u00a0d\u00e9fenseur central alg\u00e9rien du PFK Montana, Ligue professionnelle bulgare, Rayan Senhadji, n\u2019a qu\u2019un seul objectif dans sa t\u00eate\u00a0: briller encore avec son \u00e9quipe pour esp\u00e9rer progresser et forcer l\u2019admiration du s\u00e9lectionneur national Djamel Belmadi. Ce robuste arri\u00e8re central de 1 m 90 qui enchaine les matchs cette saison nous parle de ses exemples en \u00e9quipe d\u2019Alg\u00e9rie et\u00a0des \u00e9v\u00e9nements r\u00e9f\u00e9rences qui l\u2019ont rendu fou des Verts. \u00a0<\/p>\n<p><strong>Tout d\u2019abord, si vous voulez bien retracer votre parcours jusqu\u2019ici\u00a0? \u00a0<\/strong><\/p>\n<p>J\u2019ai commenc\u00e9 \u00e0 jouer au foot \u00e0 l\u2019\u00e2ge de 10 ans dans un petit club de la r\u00e9gion lyonnaise. Apr\u00e8s, j\u2019ai rejoint un club un petit plus hupp\u00e9 pour arriver \u00e0 15 ans au centre de formation du FC Sochaux Montb\u00e9liard o\u00f9 j\u2019ai gagn\u00e9 la Coupe Gambardella en 2015 avec les U19. J\u2019ai sign\u00e9 une licence professionnelle avec mon club formateur en 2016 et j\u2019ai termin\u00e9 mon contrat en 2020. Maintenant, j\u2019\u00e9volue \u00e0 PFK Montana en Bulgarie depuis l\u2019\u00e9t\u00e9 pass\u00e9. \u00a0<\/p>\n<p><strong>\u00c7a se passe comment pour vous avec votre nouvelle \u00e9quipe\u00a0? \u00a0<\/strong><\/p>\n<p>Hamdoulillah, \u00e7a se passe tr\u00e8s bien. Apr\u00e8s un d\u00e9but difficile o\u00f9 j\u2019avais besoin d\u2019un temps d\u2019adaptation, les choses se bien d\u00e9roul\u00e9es pour moi. Il fallait s\u2019int\u00e9grer, apprendre la langue et tout pour revenir en force. J\u2019ai aussi b\u00e9n\u00e9fici\u00e9 d\u2019une bonne pr\u00e9paration d\u2019avant-saison. Je suis\u00a0donc rest\u00e9 pendant trois ou quatre matchs avant de m\u2019imposer et enchainer un maximum de rencontres.\u00a0 \u00a0<\/p>\n<p><strong>Coach Belmadi entend \u00e9largir sa man\u0153uvre de choix, vous qui \u00eates en Bulgarie, avez-vous cette motivation d\u2019int\u00e9grer la s\u00e9lection alg\u00e9rienne\u00a0? \u00a0<\/strong><\/p>\n<p>C\u2019est un objectif. Je n\u2019ai que 23 ans. Apr\u00e8s, comme tout joueur qui poss\u00e8de la nationalit\u00e9 alg\u00e9rienne, le r\u00eave est d\u2019apparaitre un jour dans la liste du s\u00e9lectionneur national. La s\u00e9lection alg\u00e9rienne\u00a0est une r\u00e9f\u00e9rence. Aujourd\u2019hui on est respect\u00e9s partout dans le monde. Quand on parle de l\u2019Alg\u00e9rie, tout le monde a peur, croyez-moi. Apr\u00e8s, pour le moment, je sais que je dois travailler dur et enchainer les performances pour y arriver, Inch\u2019Allah. \u00a0<\/p>\n<p><strong>Plusieurs joueurs\u00a0en Alg\u00e9rie et partout en Europe sont pressentis renforcer la s\u00e9lection, cela vous fait quoi\u00a0? \u00a0<\/strong><\/p>\n<p>C\u2019est une grande motivation pour tous les joueurs alg\u00e9riens effectivement. Le discours du coach Djamel Belmadi est tr\u00e8s clair, il faut avoir du temps de jeu et \u00eatre performant dans son club pour esp\u00e9rer postuler \u00e0 une convocation en s\u00e9lection. Avec le temps \u00e7a va venir Inch\u2019Allah. J\u2019esp\u00e8re avoir la m\u00eame carri\u00e8re qu\u2019un Rais Mbolhi qui est pass\u00e9 par le Levski Sofia pour atteindre ses objectifs,\u00a0\u00e0 savoir gagner une CAN avec l\u2019Alg\u00e9rie et jouer deux phases finales de Coupe du monde. A moi de faire mes matchs en club et le reste viendra. \u00a0<\/p>\n<p><strong>Donc pour vous l\u2019Alg\u00e9rie c\u2019\u00e9tait un choix naturel\u2026<\/strong><\/p>\n<p>J\u2019ai grandi dans une famille qui aime beaucoup la s\u00e9lection nationale. J\u2019ai h\u00e9rit\u00e9 l\u2019amour du pays et\u00a0de l\u2019Equipe nationale de mes parents, donc je n\u2019ai qu\u2019une seule chose dans ma t\u00eate, jouer pour l\u2019Alg\u00e9rie. Lorsque vous voyez ce que la s\u00e9lection a r\u00e9alis\u00e9 lors des \u00e9liminatoires CM 2010 contre l\u2019Egypte et la sacre de l\u2019EN face au S\u00e9n\u00e9gal en finale de la CAN 2019, vous ne pouvez penser \u00e0 porter un autre maillot que celui de l\u2019Alg\u00e9rie. C\u2019est franchement une grosse fiert\u00e9. Ces deux \u00e9v\u00e8nement- l\u00e0 m\u2019ont beaucoup marqu\u00e9. \u00a0<\/p>\n<p><strong>Vous avez des exemples \u00e0 suivre en s\u00e9lection, on pense peut-\u00eatre \u00e0 Slimani, Mahrez, Feghouli\u2026 \u00a0<\/strong><\/p>\n<p>Bien s\u00fbr se sont des r\u00e9f\u00e9rences mais j\u2019ai surtout des idoles plut\u00f4t dans mon poste en d\u00e9fense centrale, \u00e0 l\u2019image de Rafik Halliche par exemple. C\u2019est quelqu\u2019un qui mouillait le maillot quitte \u00e0 finir le match l\u2019arcade ouverte. C\u2019est un exemple\u00a0de combativit\u00e9, de s\u00e9rieux et de d\u00e9vouement pour la s\u00e9lection.\u00a0\u00c0 l\u2019image aussi de Feghouli en Coupe du monde 2014 qui avait jou\u00e9\u00a0le cr\u00e2ne ouvert et le\u00a0bandeau sur la t\u00eate\u00a0pendant tout le match.\u00a0 C\u2019est des joueurs avec cette mentalit\u00e9-l\u00e0 qui m\u2019ont plus donn\u00e9 cet amour de la s\u00e9lection alg\u00e9rienne. Il y a aussi Ryad Boudebouz qui est un exemple. Regarder son poster g\u00e9ant au centre de formation \u00e0 Sochaux avec le maillot vert de l\u2019Equipe nationale est aussi une grande fiert\u00e9. \u00a0<\/p>\n<p><strong>Vous \u00eates de quelle r\u00e9gion en Alg\u00e9rie\u00a0? \u00a0<\/strong><\/p>\n<p>Je suis du c\u00f4t\u00e9 de Tizi Ouzou. Mon papa est de Tizi et ma maman est de B\u00e9ja\u00efa. \u00a0<\/p>\n<p><strong>Un dernier mot\u00a0? \u00a0<\/strong><\/p>\n<p>Un grand salam \u00e0 tous les Alg\u00e9riens partout dans le monde. Inch\u2019Allah Kheir pour notre pays. J\u2019esp\u00e8re un jour faire partie de cette liste du coach Belmadi pour pouvoir honorer les couleurs de l\u2019Alg\u00e9rie.<\/p>\n<p><strong>Entretien r\u00e9alis\u00e9 par Moumen Ait Kaci Ali \u00a0<\/strong><\/p>\n<p><strong>Publi\u00e9 dans :<\/strong> <span>djamel belmadi<\/span> <span>Rayan Senhadji<\/span><\/p>\n<\/div>\n<p>Auteur:<br \/>\n<a href=\"http:\/\/www.lebuteur.com\/article\/detail?titre=il-a-fait-son-choix-senhadji-belmadi-par-son-discours-fait-de-nous-des-joueurs-plus-que-motives&#038;id=98925&#038;utm_source=feedburner&#038;utm_medium=feed&#038;utm_campaign=Feed%3A+GalerieFArtciles+%28Les+derniers+articles++-+lebuteur.com%29\">Cliquez ici pour lire l&rsquo;article depuis sa source.<\/a><\/p>\n","protected":false},"excerpt":{"rendered":"<p>Auteur : Moumen Ait Kaci Ali lundi 01 f\u00e9vrier 2021 19:51 A peine 23 ans, le jeune\u00a0d\u00e9fenseur central alg\u00e9rien du PFK Montana, Ligue professionnelle bulgare, Rayan Senhadji, n\u2019a qu\u2019un seul objectif dans sa t\u00eate\u00a0: briller encore avec son \u00e9quipe pour esp\u00e9rer progresser et forcer l\u2019admiration du s\u00e9lectionneur national Djamel Belmadi. Ce robuste arri\u00e8re central de [&hellip;]<\/p>\n","protected":false},"author":1738,"featured_media":0,"comment_status":"closed","ping_status":"closed","sticky":false,"template":"","format":"standard","meta":{"fifu_image_url":"\/\/cdn.lebuteur.com\/data\/images\/article\/thumbs\/large-il-a-fait-son-choix-senhadji-belmadi-par-son-discours-fait-de-nous-des-joueurs-plus-que-motives-cb71f.jpg","fifu_image_alt":"Pros : Il a fait son choix: Senhadji : \u00abBelmadi par son discours fait de nous des joueurs plus que motiv\u00e9s \u00bb","footnotes":""},"categories":[53,75],"tags":[],"class_list":["post-110394","post","type-post","status-publish","format-standard","hentry","category-algerie","category-sport"],"_links":{"self":[{"href":"https:\/\/linitiative.ca\/International\/wp-json\/wp\/v2\/posts\/110394","targetHints":{"allow":["GET"]}}],"collection":[{"href":"https:\/\/linitiative.ca\/International\/wp-json\/wp\/v2\/posts"}],"about":[{"href":"https:\/\/linitiative.ca\/International\/wp-json\/wp\/v2\/types\/post"}],"author":[{"embeddable":true,"href":"https:\/\/linitiative.ca\/International\/wp-json\/wp\/v2\/users\/1738"}],"replies":[{"embeddable":true,"href":"https:\/\/linitiative.ca\/International\/wp-json\/wp\/v2\/comments?post=110394"}],"version-history":[{"count":0,"href":"https:\/\/linitiative.ca\/International\/wp-json\/wp\/v2\/posts\/110394\/revisions"}],"wp:attachment":[{"href":"https:\/\/linitiative.ca\/International\/wp-json\/wp\/v2\/media?parent=110394"}],"wp:term":[{"taxonomy":"category","embeddable":true,"href":"https:\/\/linitiative.ca\/International\/wp-json\/wp\/v2\/categories?post=110394"},{"taxonomy":"post_tag","embeddable":true,"href":"https:\/\/linitiative.ca\/International\/wp-json\/wp\/v2\/tags?post=110394"}],"curies":[{"name":"wp","href":"https:\/\/api.w.org\/{rel}","templated":true}]}}