{"id":110395,"date":"2021-02-01T15:14:14","date_gmt":"2021-02-01T20:14:14","guid":{"rendered":"https:\/\/linitiative.ca\/International\/pros-ol-denayer-absent-face-a-dijon-une-opportunite-pour-benlamri\/"},"modified":"2021-02-01T15:14:14","modified_gmt":"2021-02-01T20:14:14","slug":"pros-ol-denayer-absent-face-a-dijon-une-opportunite-pour-benlamri","status":"publish","type":"post","link":"https:\/\/linitiative.ca\/International\/pros-ol-denayer-absent-face-a-dijon-une-opportunite-pour-benlamri\/","title":{"rendered":"Pros : OL : Denayer absent face \u00e0 Dijon. Une opportunit\u00e9 pour Benlamri ?"},"content":{"rendered":"<div readability=\"32\">\n<p>Auteur : <span class=\"time\">lundi 01 f\u00e9vrier 2021 19:54<\/span><\/p>\n<\/div>\n<div id=\"post_core\" readability=\"45\">\n<p>A l&rsquo;occasion de cette rencontre de la 23\u00e8me journ\u00e9e de Ligue 1 fran\u00e7aise, les Rhodaniens devront faire sans leur d\u00e9fenseur central belge, Jason Denayer, touch\u00e9 \u00e0 la cuisse droite face \u00e0 Bordeaux vendredi dernier et dont le forfait a \u00e9t\u00e9 officialis\u00e9 en conf\u00e9rence de presse.<\/p>\n<p>\u00ab\u00a0Il y a besoin d\u2019examens suppl\u00e9mentaires pour conna\u00eetre la dur\u00e9e de son indisponibilit\u00e9. Il va mieux aujourd\u2019hui quand il marche\u00a0\u00bb, a r\u00e9v\u00e9l\u00e9 Rudi Garcia, l&rsquo;entra\u00eeneur lyonnais comme le rapporte Madeinfoot. Pour remplacer Denayer, l&rsquo;entraineur lyonnais peut s&rsquo;appuyer sur Sinaly Diomand\u00e9 et Djamel Benlamri. L&rsquo;un des deux a de fortes chances d&rsquo;accompagner Marcelo en d\u00e9fense centrale \u00e0 l&rsquo;occasion de ce match face \u00e0 Dijon.<\/p>\n<p><strong>Publi\u00e9 dans :<\/strong> <span>Lyon<\/span><\/p>\n<\/div>\n<p>Auteur:<br \/>\n<a href=\"http:\/\/www.lebuteur.com\/article\/detail?titre=ol-denayer-absent-face-a-dijon-une-opportunite-pour-benlamri&#038;id=98926&#038;utm_source=feedburner&#038;utm_medium=feed&#038;utm_campaign=Feed%3A+GalerieFArtciles+%28Les+derniers+articles++-+lebuteur.com%29\">Cliquez ici pour lire l&rsquo;article depuis sa source.<\/a><\/p>\n","protected":false},"excerpt":{"rendered":"<p>Auteur : lundi 01 f\u00e9vrier 2021 19:54 A l&rsquo;occasion de cette rencontre de la 23\u00e8me journ\u00e9e de Ligue 1 fran\u00e7aise, les Rhodaniens devront faire sans leur d\u00e9fenseur central belge, Jason Denayer, touch\u00e9 \u00e0 la cuisse droite face \u00e0 Bordeaux vendredi dernier et dont le forfait a \u00e9t\u00e9 officialis\u00e9 en conf\u00e9rence de presse. \u00ab\u00a0Il y a [&hellip;]<\/p>\n","protected":false},"author":1738,"featured_media":0,"comment_status":"closed","ping_status":"closed","sticky":false,"template":"","format":"standard","meta":{"fifu_image_url":"\/\/cdn.lebuteur.com\/data\/images\/article\/thumbs\/large-ol-denayer-absent-face-a-dijon-une-opportunite-pour-benlamri-fcca4.jpg","fifu_image_alt":"Pros : OL : Denayer absent face \u00e0 Dijon. Une opportunit\u00e9 pour Benlamri ?","footnotes":""},"categories":[53,75],"tags":[],"class_list":["post-110395","post","type-post","status-publish","format-standard","hentry","category-algerie","category-sport"],"_links":{"self":[{"href":"https:\/\/linitiative.ca\/International\/wp-json\/wp\/v2\/posts\/110395","targetHints":{"allow":["GET"]}}],"collection":[{"href":"https:\/\/linitiative.ca\/International\/wp-json\/wp\/v2\/posts"}],"about":[{"href":"https:\/\/linitiative.ca\/International\/wp-json\/wp\/v2\/types\/post"}],"author":[{"embeddable":true,"href":"https:\/\/linitiative.ca\/International\/wp-json\/wp\/v2\/users\/1738"}],"replies":[{"embeddable":true,"href":"https:\/\/linitiative.ca\/International\/wp-json\/wp\/v2\/comments?post=110395"}],"version-history":[{"count":0,"href":"https:\/\/linitiative.ca\/International\/wp-json\/wp\/v2\/posts\/110395\/revisions"}],"wp:attachment":[{"href":"https:\/\/linitiative.ca\/International\/wp-json\/wp\/v2\/media?parent=110395"}],"wp:term":[{"taxonomy":"category","embeddable":true,"href":"https:\/\/linitiative.ca\/International\/wp-json\/wp\/v2\/categories?post=110395"},{"taxonomy":"post_tag","embeddable":true,"href":"https:\/\/linitiative.ca\/International\/wp-json\/wp\/v2\/tags?post=110395"}],"curies":[{"name":"wp","href":"https:\/\/api.w.org\/{rel}","templated":true}]}}