{"id":110396,"date":"2021-02-01T15:14:17","date_gmt":"2021-02-01T20:14:17","guid":{"rendered":"https:\/\/linitiative.ca\/International\/pros-crotone-officialise-larrivee-en-pret-dadam-ounas\/"},"modified":"2021-02-01T15:14:17","modified_gmt":"2021-02-01T20:14:17","slug":"pros-crotone-officialise-larrivee-en-pret-dadam-ounas","status":"publish","type":"post","link":"https:\/\/linitiative.ca\/International\/pros-crotone-officialise-larrivee-en-pret-dadam-ounas\/","title":{"rendered":"Pros : Crotone officialise l&rsquo;arriv\u00e9e en pr\u00eat d&rsquo;Adam Ounas"},"content":{"rendered":"<div readability=\"32\">\n<p>Auteur : <span class=\"time\">lundi 01 f\u00e9vrier 2021 20:36<\/span><\/p>\n<\/div>\n<div id=\"post_core\" readability=\"38\">\n<p>Ce lundi, dernier jour du mercato, la lanterne rouge de Serie A Crotone a officialis\u00e9 la venue en pr\u00eat de l\u2019international alg\u00e9rien Adam Ounas (24 ans) jusqu&rsquo;\u00e0 la fin de saison. M\u00e9content de son utilisation \u00e0 Cagliari, le champion d&rsquo;Afrique a d\u00e9cid\u00e9 de rejoindre Crotone afin d&rsquo;obtenir plus de temps de jeu.<\/p>\n<p><strong>Publi\u00e9 dans :<\/strong> <span>Ounas<\/span><\/p>\n<\/div>\n<p>Auteur:<br \/>\n<a href=\"http:\/\/www.lebuteur.com\/article\/detail?titre=crotone-officialise-larrivee-en-pret-dadam-ounas&#038;id=98927&#038;utm_source=feedburner&#038;utm_medium=feed&#038;utm_campaign=Feed%3A+GalerieFArtciles+%28Les+derniers+articles++-+lebuteur.com%29\">Cliquez ici pour lire l&rsquo;article depuis sa source.<\/a><\/p>\n","protected":false},"excerpt":{"rendered":"<p>Auteur : lundi 01 f\u00e9vrier 2021 20:36 Ce lundi, dernier jour du mercato, la lanterne rouge de Serie A Crotone a officialis\u00e9 la venue en pr\u00eat de l\u2019international alg\u00e9rien Adam Ounas (24 ans) jusqu&rsquo;\u00e0 la fin de saison. M\u00e9content de son utilisation \u00e0 Cagliari, le champion d&rsquo;Afrique a d\u00e9cid\u00e9 de rejoindre Crotone afin d&rsquo;obtenir plus [&hellip;]<\/p>\n","protected":false},"author":1738,"featured_media":0,"comment_status":"closed","ping_status":"closed","sticky":false,"template":"","format":"standard","meta":{"fifu_image_url":"\/\/cdn.lebuteur.com\/data\/images\/article\/thumbs\/large-crotone-officialise-larrivee-dadam-ounas-en-pret-3d500.jpg","fifu_image_alt":"Pros : Crotone officialise l'arriv\u00e9e en pr\u00eat d'Adam Ounas","footnotes":""},"categories":[53,75],"tags":[],"class_list":["post-110396","post","type-post","status-publish","format-standard","hentry","category-algerie","category-sport"],"_links":{"self":[{"href":"https:\/\/linitiative.ca\/International\/wp-json\/wp\/v2\/posts\/110396","targetHints":{"allow":["GET"]}}],"collection":[{"href":"https:\/\/linitiative.ca\/International\/wp-json\/wp\/v2\/posts"}],"about":[{"href":"https:\/\/linitiative.ca\/International\/wp-json\/wp\/v2\/types\/post"}],"author":[{"embeddable":true,"href":"https:\/\/linitiative.ca\/International\/wp-json\/wp\/v2\/users\/1738"}],"replies":[{"embeddable":true,"href":"https:\/\/linitiative.ca\/International\/wp-json\/wp\/v2\/comments?post=110396"}],"version-history":[{"count":0,"href":"https:\/\/linitiative.ca\/International\/wp-json\/wp\/v2\/posts\/110396\/revisions"}],"wp:attachment":[{"href":"https:\/\/linitiative.ca\/International\/wp-json\/wp\/v2\/media?parent=110396"}],"wp:term":[{"taxonomy":"category","embeddable":true,"href":"https:\/\/linitiative.ca\/International\/wp-json\/wp\/v2\/categories?post=110396"},{"taxonomy":"post_tag","embeddable":true,"href":"https:\/\/linitiative.ca\/International\/wp-json\/wp\/v2\/tags?post=110396"}],"curies":[{"name":"wp","href":"https:\/\/api.w.org\/{rel}","templated":true}]}}