{"id":110401,"date":"2021-02-01T10:02:00","date_gmt":"2021-02-01T15:02:00","guid":{"rendered":"https:\/\/linitiative.ca\/International\/yadh-elloumi-au-nouveau-ministre-de-la-justiceyoussef-zouaghi-procedez-au-karcher\/"},"modified":"2021-02-01T10:02:00","modified_gmt":"2021-02-01T15:02:00","slug":"yadh-elloumi-au-nouveau-ministre-de-la-justiceyoussef-zouaghi-procedez-au-karcher","status":"publish","type":"post","link":"https:\/\/linitiative.ca\/International\/yadh-elloumi-au-nouveau-ministre-de-la-justiceyoussef-zouaghi-procedez-au-karcher\/","title":{"rendered":"Yadh Elloumi au nouveau ministre de la Justice,Youssef Zouaghi: proc\u00e9dez au karcher!"},"content":{"rendered":"<p>Quand un \u00e9lu de la nation demande express\u00e9ment \u00e0 celui qui deviendra ministre de la Justice de \u00abproc\u00e9der au karcher\u00bb, un plafond a saut\u00e9. Yadh Elloumi (Qalb Toun\u00e8s), expert-comptable de formation et fils d\u2019un illustre ancien haut magistrat, ne s\u2019est pas priv\u00e9 de le solliciter publiquement sous la coupole du parlement lors des d\u00e9bats sur le remaniement du gouvernement. Qui vise-t-il en particulier, alors que son chef de parti, Nabil Karoui, est sous mandat de d\u00e9p\u00f4t ? Il n\u2019a pas \u00e9t\u00e9 plus explicite.<\/p>\n<p>Auteur:<br \/>\n<a href=\"https:\/\/www.leaders.com.tn\/article\/31364-yadh-elloumi-au-nouveau-ministre-de-la-justice-youssef-zouaghi-procedez-au-karcher\">Cliquez ici pour lire l&rsquo;article depuis sa source.<\/a><\/p>\n","protected":false},"excerpt":{"rendered":"<p>Quand un \u00e9lu de la nation demande express\u00e9ment \u00e0 celui qui deviendra ministre de la Justice de \u00abproc\u00e9der au karcher\u00bb, un plafond a saut\u00e9. Yadh Elloumi (Qalb Toun\u00e8s), expert-comptable de formation et fils d\u2019un illustre ancien haut magistrat, ne s\u2019est pas priv\u00e9 de le solliciter publiquement sous la coupole du parlement lors des d\u00e9bats sur [&hellip;]<\/p>\n","protected":false},"author":1772,"featured_media":0,"comment_status":"closed","ping_status":"closed","sticky":false,"template":"","format":"standard","meta":{"fifu_image_url":"","fifu_image_alt":"","footnotes":""},"categories":[73,55],"tags":[],"class_list":["post-110401","post","type-post","status-publish","format-standard","hentry","category-actualite","category-tunisie"],"_links":{"self":[{"href":"https:\/\/linitiative.ca\/International\/wp-json\/wp\/v2\/posts\/110401","targetHints":{"allow":["GET"]}}],"collection":[{"href":"https:\/\/linitiative.ca\/International\/wp-json\/wp\/v2\/posts"}],"about":[{"href":"https:\/\/linitiative.ca\/International\/wp-json\/wp\/v2\/types\/post"}],"author":[{"embeddable":true,"href":"https:\/\/linitiative.ca\/International\/wp-json\/wp\/v2\/users\/1772"}],"replies":[{"embeddable":true,"href":"https:\/\/linitiative.ca\/International\/wp-json\/wp\/v2\/comments?post=110401"}],"version-history":[{"count":0,"href":"https:\/\/linitiative.ca\/International\/wp-json\/wp\/v2\/posts\/110401\/revisions"}],"wp:attachment":[{"href":"https:\/\/linitiative.ca\/International\/wp-json\/wp\/v2\/media?parent=110401"}],"wp:term":[{"taxonomy":"category","embeddable":true,"href":"https:\/\/linitiative.ca\/International\/wp-json\/wp\/v2\/categories?post=110401"},{"taxonomy":"post_tag","embeddable":true,"href":"https:\/\/linitiative.ca\/International\/wp-json\/wp\/v2\/tags?post=110401"}],"curies":[{"name":"wp","href":"https:\/\/api.w.org\/{rel}","templated":true}]}}