{"id":110406,"date":"2021-02-01T13:59:00","date_gmt":"2021-02-01T18:59:00","guid":{"rendered":"https:\/\/linitiative.ca\/International\/vaccination-anti-covid-pres-de-74000-personnes-vaccinees-ce-lundi-1er-fevrier\/"},"modified":"2021-02-01T13:59:00","modified_gmt":"2021-02-01T18:59:00","slug":"vaccination-anti-covid-pres-de-74000-personnes-vaccinees-ce-lundi-1er-fevrier","status":"publish","type":"post","link":"https:\/\/linitiative.ca\/International\/vaccination-anti-covid-pres-de-74000-personnes-vaccinees-ce-lundi-1er-fevrier\/","title":{"rendered":"Vaccination anti-covid : pr\u00e8s de 74000 personnes vaccin\u00e9es ce lundi 1er f\u00e9vrier"},"content":{"rendered":"<p><strong>La campagne nationale de vaccination anti-covid, en cours, a permis de vacciner pr\u00e8s de 74000 personnes ce lundi 1er f\u00e9vrier.<\/strong><\/p>\n<div class=\"c10\"\/>\n<p>Selon les donn\u00e9es du minist\u00e8re de la Sant\u00e9, pr\u00e8s de 74000 personnes ont \u00e9t\u00e9 vaccin\u00e9es le 1<sup>er<\/sup> f\u00e9vrier, portant le bilan global des personnes vaccin\u00e9es \u00e0 200.081. Lanc\u00e9e jeudi dernier par le Souverain, la campagne nationale de vaccination contre le coronavirus vise \u00e0 vacciner quelques 25 millions de personnes dans le royaume.<\/p>\n<p><strong>Lire aussi| <a href=\"https:\/\/www.challenge.ma\/coronavirus-prolongation-du-couvre-feu-et-des-mesures-de-restriction-pour-deux-semaines-supplementaires-173975\/\">Coronavirus : prolongation du couvre-feu et des mesures de restriction pour deux semaines suppl\u00e9mentaires<\/a><\/strong><\/p>\n<p>Auteur: challenge<br \/>\n<a href=\"https:\/\/www.challenge.ma\/vaccination-anti-covid-pres-de-74000-personnes-vaccinees-ce-lundi-1er-fevrier-173982\/\">Cliquez ici pour lire l&rsquo;article depuis sa source.<\/a><\/p>\n","protected":false},"excerpt":{"rendered":"<p>La campagne nationale de vaccination anti-covid, en cours, a permis de vacciner pr\u00e8s de 74000 personnes ce lundi 1er f\u00e9vrier. Selon les donn\u00e9es du minist\u00e8re de la Sant\u00e9, pr\u00e8s de 74000 personnes ont \u00e9t\u00e9 vaccin\u00e9es le 1er f\u00e9vrier, portant le bilan global des personnes vaccin\u00e9es \u00e0 200.081. Lanc\u00e9e jeudi dernier par le Souverain, la campagne [&hellip;]<\/p>\n","protected":false},"author":1787,"featured_media":0,"comment_status":"closed","ping_status":"closed","sticky":false,"template":"","format":"standard","meta":{"fifu_image_url":"","fifu_image_alt":"","footnotes":""},"categories":[78,54],"tags":[],"class_list":["post-110406","post","type-post","status-publish","format-standard","hentry","category-economie","category-maroc"],"_links":{"self":[{"href":"https:\/\/linitiative.ca\/International\/wp-json\/wp\/v2\/posts\/110406","targetHints":{"allow":["GET"]}}],"collection":[{"href":"https:\/\/linitiative.ca\/International\/wp-json\/wp\/v2\/posts"}],"about":[{"href":"https:\/\/linitiative.ca\/International\/wp-json\/wp\/v2\/types\/post"}],"author":[{"embeddable":true,"href":"https:\/\/linitiative.ca\/International\/wp-json\/wp\/v2\/users\/1787"}],"replies":[{"embeddable":true,"href":"https:\/\/linitiative.ca\/International\/wp-json\/wp\/v2\/comments?post=110406"}],"version-history":[{"count":0,"href":"https:\/\/linitiative.ca\/International\/wp-json\/wp\/v2\/posts\/110406\/revisions"}],"wp:attachment":[{"href":"https:\/\/linitiative.ca\/International\/wp-json\/wp\/v2\/media?parent=110406"}],"wp:term":[{"taxonomy":"category","embeddable":true,"href":"https:\/\/linitiative.ca\/International\/wp-json\/wp\/v2\/categories?post=110406"},{"taxonomy":"post_tag","embeddable":true,"href":"https:\/\/linitiative.ca\/International\/wp-json\/wp\/v2\/tags?post=110406"}],"curies":[{"name":"wp","href":"https:\/\/api.w.org\/{rel}","templated":true}]}}