{"id":110409,"date":"2021-02-01T16:25:05","date_gmt":"2021-02-01T21:25:05","guid":{"rendered":"https:\/\/linitiative.ca\/International\/tunisie-prestation-de-serment-devant-saied-mechichi-devra-sen-passer\/"},"modified":"2021-02-01T16:25:05","modified_gmt":"2021-02-01T21:25:05","slug":"tunisie-prestation-de-serment-devant-saied-mechichi-devra-sen-passer","status":"publish","type":"post","link":"https:\/\/linitiative.ca\/International\/tunisie-prestation-de-serment-devant-saied-mechichi-devra-sen-passer\/","title":{"rendered":"Tunisie \u2013 Prestation de serment devant Sa\u00efed\u00a0: Mechichi devra s\u2019en passer\u00a0!"},"content":{"rendered":"<div class=\"post-cont-in left relative\">\n<div id=\"post-info-wrap\" class=\"left relative post-info-out\">\n<div class=\"post-info-img left relative\"><img loading=\"lazy\" decoding=\"async\" alt=\"\" src=\"https:\/\/secure.gravatar.com\/avatar\/9f10b5e5a102bf8cc0ebfb84f5ab5652?s=50&amp;d=mm&amp;r=g\" srcset=\"https:\/\/secure.gravatar.com\/avatar\/9f10b5e5a102bf8cc0ebfb84f5ab5652?s=100&amp;d=mm&amp;r=g 2x\" class=\"avatar avatar-50 photo\" height=\"50\" width=\"50\"\/><\/div>\n<div class=\"post-info-in\">\n<div class=\"post-info-right left relative post-info-name left relative\"><span><span class=\"post-info-text\">Par<\/span> <span class=\"author-name vcard fn author\"><a href=\"https:\/\/www.tunisienumerique.com\/author\/ramsis\/\" title=\"Articles par Ramsis\" rel=\"author\">Ramsis<\/a><\/span><\/span> <span class=\"post-date updated\"><time class=\"post-date updated\" datetime=\"2021-02-01\">\u00a0| Il y a 35 minutes<\/time><\/span><\/div>\n<div class=\"left relative\"><button id=\"listenButton1\" class=\"responsivevoice-button\" type=\"button\" value=\"Play\" title=\"&#xC9;coutez l'article\"><span>\ud83d\udd0a \u00c9coutez l&rsquo;article<\/span><\/button> <\/div>\n<\/div>\n<\/div>\n<p>Selon des sources proches du palais de la pr\u00e9sidence \u00e0 Carthage et contrairement \u00e0 ce qui est v\u00e9hicul\u00e9, depuis hier, \u00e0 travers les r\u00e9seaux sociaux, le pr\u00e9sident Ka\u00efs Sa\u00efed est, plus que jamais d\u00e9termin\u00e9 \u00e0 ne pas autoriser la nomination du moindre ministre autour duquel circuleraient des suspicions de conflits d\u2019int\u00e9r\u00eat.<\/p>\n<div class=\"code-block code-block-1 c4\"><ins class=\"adsbygoogle c3\" data-ad-layout=\"in-article\" data-ad-format=\"fluid\" data-ad-client=\"ca-pub-2102118777505746\" data-ad-slot=\"7301775417\"\/> <\/div>\n<p>Selon ces m\u00eames sources, Ka\u00efs Sa\u00efed se consid\u00e8re comme le premier responsable de la nomination des ministres, et se sent investi du devoir de d\u00e9fendre la Constitution et le pays des malversations et les affaires de conflit d\u2019int\u00e9r\u00eat.<\/p>\n<p>De ce fait et contrairement \u00e0 ce qui se dit, Ka\u00efs Sa\u00efed n\u2019aurait aucunement l\u2019intention d\u2019accepter de recevoir pour la prestation du serment, les ministres suspect\u00e9s d\u2019affaires de malversation et de conflit d\u2019int\u00e9r\u00eat.<\/p>\n<p>Par ailleurs, des sources proches de La Kasbah font \u00e9tat d\u2019un blocage total de la \u00ab machine \u00bb gouvernementale, depuis l\u2019annonce du remaniement minist\u00e9riel et d\u2019un certain nombre de dossiers urgents qui ne sauraient attendre ind\u00e9finiment l\u2019approbation de Carthage des nouveaux ministres. Situation qui a pouss\u00e9 le chef du gouvernement, d\u2019apr\u00e8s ces m\u00eames sources, \u00e0 entreprendre une s\u00e9rie de mesures pour demander aux nouveaux ministres de prendre leurs fonctions, sans attendre la prestation de serment devant le pr\u00e9sident de la R\u00e9publique !<\/p>\n<div class=\"swp_social_panel swp_horizontal_panel swp_flat_fresh swp_default_full_color swp_individual_full_color swp_other_full_color scale-100 scale-\" data-min-width=\"1100\" data-float-color=\"#ffffff\" data-float=\"bottom\" data-float-mobile=\"bottom\" data-transition=\"slide\">\n<div class=\"nc_tweetContainer swp_share_button total_shares total_sharesalt\"><span class=\"swp_count\">24 <span class=\"swp_label\">Partages<\/span><\/span><\/div>\n<\/div>\n<p><strong>Que se passe-t-il en Tunisie?<\/strong><br \/>Nous expliquons sur notre <a href=\"https:\/\/www.youtube.com\/channel\/UCRzypVq0B_yBad5eGrwBx0Q?sub_confirmation=1\" target=\"_blank\" rel=\"noopener\">cha\u00eene YouTube<\/a> . <a href=\"https:\/\/www.youtube.com\/channel\/UCRzypVq0B_yBad5eGrwBx0Q?sub_confirmation=1\" target=\"_blank\" rel=\"noopener\">Abonnez-vous!<\/a><\/p>\n<div class=\"mvp-org-wrap mvp-org-logo\" itemprop=\"publisher\"><img decoding=\"async\" src=\"https:\/\/www.tunisienumerique.com\/wp-content\/uploads\/2017\/02\/logo_tunisie_numerique.png\"\/><\/div>\n<div class=\"mvp-related-posts left relative\">\n<h4 class=\"post-header\"><span class=\"post-header\">Lire aussi<\/span><\/h4>\n<\/div>\n<div id=\"article-ad\"><ins class=\"adsbygoogle c5\" data-ad-client=\"ca-pub-2102118777505746\" data-ad-slot=\"6513972734\" data-ad-format=\"auto\" data-full-width-responsive=\"true\"\/> <\/div>\n<\/div>\n<div id=\"post-sidebar-wrap\"><ins class=\"adsbygoogle c5\" data-ad-client=\"ca-pub-2102118777505746\" data-ad-slot=\"6168283410\" data-ad-format=\"auto\" data-full-width-responsive=\"true\"\/> <\/div>\n<p>Auteur: Ramsis<br \/>\n<a href=\"https:\/\/www.tunisienumerique.com\/tunisie-prestation-de-serment-devant-saied-mechichi-devra-sen-passer\/\">Cliquez ici pour lire l&rsquo;article depuis sa source.<\/a><\/p>\n","protected":false},"excerpt":{"rendered":"<p>Par Ramsis \u00a0| Il y a 35 minutes \ud83d\udd0a \u00c9coutez l&rsquo;article Selon des sources proches du palais de la pr\u00e9sidence \u00e0 Carthage et contrairement \u00e0 ce qui est v\u00e9hicul\u00e9, depuis hier, \u00e0 travers les r\u00e9seaux sociaux, le pr\u00e9sident Ka\u00efs Sa\u00efed est, plus que jamais d\u00e9termin\u00e9 \u00e0 ne pas autoriser la nomination du moindre ministre autour [&hellip;]<\/p>\n","protected":false},"author":1789,"featured_media":0,"comment_status":"closed","ping_status":"closed","sticky":false,"template":"","format":"standard","meta":{"fifu_image_url":"https:\/\/secure.gravatar.com\/avatar\/9f10b5e5a102bf8cc0ebfb84f5ab5652?s=50&d=mm&r=g","fifu_image_alt":"Tunisie \u2013 Prestation de serment devant Sa\u00efed\u00a0: Mechichi devra s\u2019en passer\u00a0!","footnotes":""},"categories":[73,55],"tags":[],"class_list":["post-110409","post","type-post","status-publish","format-standard","hentry","category-actualite","category-tunisie"],"_links":{"self":[{"href":"https:\/\/linitiative.ca\/International\/wp-json\/wp\/v2\/posts\/110409","targetHints":{"allow":["GET"]}}],"collection":[{"href":"https:\/\/linitiative.ca\/International\/wp-json\/wp\/v2\/posts"}],"about":[{"href":"https:\/\/linitiative.ca\/International\/wp-json\/wp\/v2\/types\/post"}],"author":[{"embeddable":true,"href":"https:\/\/linitiative.ca\/International\/wp-json\/wp\/v2\/users\/1789"}],"replies":[{"embeddable":true,"href":"https:\/\/linitiative.ca\/International\/wp-json\/wp\/v2\/comments?post=110409"}],"version-history":[{"count":0,"href":"https:\/\/linitiative.ca\/International\/wp-json\/wp\/v2\/posts\/110409\/revisions"}],"wp:attachment":[{"href":"https:\/\/linitiative.ca\/International\/wp-json\/wp\/v2\/media?parent=110409"}],"wp:term":[{"taxonomy":"category","embeddable":true,"href":"https:\/\/linitiative.ca\/International\/wp-json\/wp\/v2\/categories?post=110409"},{"taxonomy":"post_tag","embeddable":true,"href":"https:\/\/linitiative.ca\/International\/wp-json\/wp\/v2\/tags?post=110409"}],"curies":[{"name":"wp","href":"https:\/\/api.w.org\/{rel}","templated":true}]}}