{"id":110411,"date":"2021-02-01T17:11:57","date_gmt":"2021-02-01T22:11:57","guid":{"rendered":"https:\/\/linitiative.ca\/International\/tunisie-les-soldes-mettent-en-exergue-la-gravite-de-labsence-dun-ministre-de-la-sante\/"},"modified":"2021-02-01T17:11:57","modified_gmt":"2021-02-01T22:11:57","slug":"tunisie-les-soldes-mettent-en-exergue-la-gravite-de-labsence-dun-ministre-de-la-sante","status":"publish","type":"post","link":"https:\/\/linitiative.ca\/International\/tunisie-les-soldes-mettent-en-exergue-la-gravite-de-labsence-dun-ministre-de-la-sante\/","title":{"rendered":"Tunisie \u2013 Les soldes mettent en exergue la gravit\u00e9 de l\u2019absence d\u2019un ministre de la sant\u00e9"},"content":{"rendered":"<div class=\"post-cont-in left relative\">\n<div id=\"post-info-wrap\" class=\"left relative post-info-out\">\n<div class=\"post-info-img left relative\"><img loading=\"lazy\" decoding=\"async\" alt=\"\" src=\"https:\/\/secure.gravatar.com\/avatar\/96253f4a657b482a18e837c1252096c2?s=50&amp;d=mm&amp;r=g\" srcset=\"https:\/\/secure.gravatar.com\/avatar\/96253f4a657b482a18e837c1252096c2?s=100&amp;d=mm&amp;r=g 2x\" class=\"avatar avatar-50 photo\" height=\"50\" width=\"50\"\/><\/div>\n<div class=\"post-info-in\">\n<div class=\"post-info-right left relative post-info-name left relative\"><span><span class=\"post-info-text\">Par<\/span> <span class=\"author-name vcard fn author\"><a href=\"https:\/\/www.tunisienumerique.com\/author\/saber\/\" title=\"Articles par Saber .\" rel=\"author\">Saber .<\/a><\/span><\/span> <span class=\"post-date updated\"><time class=\"post-date updated\" datetime=\"2021-02-01\">\u00a0| Il y a 2 minutes<\/time><\/span><\/div>\n<div class=\"left relative\"><button id=\"listenButton1\" class=\"responsivevoice-button\" type=\"button\" value=\"Play\" title=\"&#xC9;coutez l'article\"><span>\ud83d\udd0a \u00c9coutez l&rsquo;article<\/span><\/button> <\/div>\n<\/div>\n<\/div>\n<p>Tout le monde \u00e9tait d\u2019accord que la Tunisie avait \u00e0 la t\u00eate de son minist\u00e8re de la sant\u00e9, une personne qui n\u2019est pas \u00e0 la hauteur de la mission. Une mission qui est sp\u00e9cialement d\u00e9licate en cette p\u00e9riode de pand\u00e9mie.\u00a0 Mais de l\u00e0 \u00e0 ce que ce ministre soit, m\u00eame, incapable de copier sur ceux qui l\u2019ont pr\u00e9c\u00e9d\u00e9 au poste, \u00e7\u00e0 devient caricatural.<\/p>\n<div class=\"code-block code-block-1 c4\"><ins class=\"adsbygoogle c3\" data-ad-layout=\"in-article\" data-ad-format=\"fluid\" data-ad-client=\"ca-pub-2102118777505746\" data-ad-slot=\"7301775417\"\/> <\/div>\n<p>Cette insuffisance a \u00e9t\u00e9 mise en exergue, notamment, \u00e0 l\u2019occasion de l\u2019actuelle saison des soldes. Saison au cours de laquelle les commerces sont en train de connaitre un afflux certain des consommateurs.<\/p>\n<p>Or, ces concentrations de citoyens qui constituent de v\u00e9ritables viviers pour l\u2019\u00e9closion de foyers de contamination au covid, ne sont r\u00e9gies par aucun protocole sanitaire \u00e0 ce qu\u2019on sache, du moins, en pratique et sur terrain.<\/p>\n<p>Au cours des soldes aucune r\u00e8gle de pr\u00e9vention n\u2019a \u00e9t\u00e9 d\u00e9cid\u00e9e et transmise aux commer\u00e7ants. De ce fait, on assiste \u00e0 un v\u00e9ritable cirque, o\u00f9 les gens se bousculent sans le moindre respect de la distanciation, o\u00f9 le port du masque n\u2019est pas toujours de mise, et o\u00f9 la mise \u00e0 disposition des clients de gels de d\u00e9sinfection reste de l\u2019ordre de l\u2019utopie.<\/p>\n<p>Autre aberration de taille qui frappe quand on observe ce qui se passe dans les boutiques de pr\u00eat \u00e0 porter, au cours de ces soldes, c\u2019est celle de l\u2019usage permis des cabines d\u2019essayage.<\/p>\n<p>Et c\u2019est l\u00e0 qu\u2019on comprend que le ministre de la sant\u00e9, suppos\u00e9 \u00eatre le responsable de l\u2019\u00e9dition des mesures du protocole sanitaire n\u2019a, m\u00eame, pas \u00e9t\u00e9 capable de copier sur ses pr\u00e9d\u00e9cesseurs, quand l\u2019usage des cabines d\u2019essayage a \u00e9t\u00e9 prohib\u00e9, pendant les saisons de soldes pass\u00e9es, et qu\u2019une l\u00e9gislation particuli\u00e8re a \u00e9t\u00e9 mise en place pour l\u2019essayage des articles \u00e0 domicile et les conditions de leur retour au commer\u00e7ant en cas de non satisfaction.<\/p>\n<div class=\"swp_social_panel swp_horizontal_panel swp_flat_fresh swp_default_full_color swp_individual_full_color swp_other_full_color scale-100 scale-\" data-min-width=\"1100\" data-float-color=\"#ffffff\" data-float=\"bottom\" data-float-mobile=\"bottom\" data-transition=\"slide\">\n<div class=\"nc_tweetContainer swp_share_button total_shares total_sharesalt\"><span class=\"swp_count\">0 <span class=\"swp_label\">Partages<\/span><\/span><\/div>\n<\/div>\n<p><strong>Que se passe-t-il en Tunisie?<\/strong><br \/>Nous expliquons sur notre <a href=\"https:\/\/www.youtube.com\/channel\/UCRzypVq0B_yBad5eGrwBx0Q?sub_confirmation=1\" target=\"_blank\" rel=\"noopener\">cha\u00eene YouTube<\/a> . <a href=\"https:\/\/www.youtube.com\/channel\/UCRzypVq0B_yBad5eGrwBx0Q?sub_confirmation=1\" target=\"_blank\" rel=\"noopener\">Abonnez-vous!<\/a><\/p>\n<div class=\"mvp-org-wrap mvp-org-logo\" itemprop=\"publisher\"><img decoding=\"async\" src=\"https:\/\/www.tunisienumerique.com\/wp-content\/uploads\/2017\/02\/logo_tunisie_numerique.png\"\/><\/div>\n<div class=\"mvp-related-posts left relative\">\n<h4 class=\"post-header\"><span class=\"post-header\">Lire aussi<\/span><\/h4>\n<\/div>\n<div id=\"article-ad\"><ins class=\"adsbygoogle c5\" data-ad-client=\"ca-pub-2102118777505746\" data-ad-slot=\"6513972734\" data-ad-format=\"auto\" data-full-width-responsive=\"true\"\/> <\/div>\n<\/div>\n<div id=\"post-sidebar-wrap\"><ins class=\"adsbygoogle c5\" data-ad-client=\"ca-pub-2102118777505746\" data-ad-slot=\"6168283410\" data-ad-format=\"auto\" data-full-width-responsive=\"true\"\/> <\/div>\n<p>Auteur: Saber .<br \/>\n<a href=\"https:\/\/www.tunisienumerique.com\/tunisie-les-soldes-mettent-en-exergue-la-gravite-de-labsence-dun-ministre-de-la-sante\/\">Cliquez ici pour lire l&rsquo;article depuis sa source.<\/a><\/p>\n","protected":false},"excerpt":{"rendered":"<p>Par Saber . \u00a0| Il y a 2 minutes \ud83d\udd0a \u00c9coutez l&rsquo;article Tout le monde \u00e9tait d\u2019accord que la Tunisie avait \u00e0 la t\u00eate de son minist\u00e8re de la sant\u00e9, une personne qui n\u2019est pas \u00e0 la hauteur de la mission. Une mission qui est sp\u00e9cialement d\u00e9licate en cette p\u00e9riode de pand\u00e9mie.\u00a0 Mais de l\u00e0 [&hellip;]<\/p>\n","protected":false},"author":1789,"featured_media":0,"comment_status":"closed","ping_status":"closed","sticky":false,"template":"","format":"standard","meta":{"fifu_image_url":"https:\/\/secure.gravatar.com\/avatar\/96253f4a657b482a18e837c1252096c2?s=50&d=mm&r=g","fifu_image_alt":"Tunisie \u2013 Les soldes mettent en exergue la gravit\u00e9 de l\u2019absence d\u2019un ministre de la sant\u00e9","footnotes":""},"categories":[73,55],"tags":[],"class_list":["post-110411","post","type-post","status-publish","format-standard","hentry","category-actualite","category-tunisie"],"_links":{"self":[{"href":"https:\/\/linitiative.ca\/International\/wp-json\/wp\/v2\/posts\/110411","targetHints":{"allow":["GET"]}}],"collection":[{"href":"https:\/\/linitiative.ca\/International\/wp-json\/wp\/v2\/posts"}],"about":[{"href":"https:\/\/linitiative.ca\/International\/wp-json\/wp\/v2\/types\/post"}],"author":[{"embeddable":true,"href":"https:\/\/linitiative.ca\/International\/wp-json\/wp\/v2\/users\/1789"}],"replies":[{"embeddable":true,"href":"https:\/\/linitiative.ca\/International\/wp-json\/wp\/v2\/comments?post=110411"}],"version-history":[{"count":0,"href":"https:\/\/linitiative.ca\/International\/wp-json\/wp\/v2\/posts\/110411\/revisions"}],"wp:attachment":[{"href":"https:\/\/linitiative.ca\/International\/wp-json\/wp\/v2\/media?parent=110411"}],"wp:term":[{"taxonomy":"category","embeddable":true,"href":"https:\/\/linitiative.ca\/International\/wp-json\/wp\/v2\/categories?post=110411"},{"taxonomy":"post_tag","embeddable":true,"href":"https:\/\/linitiative.ca\/International\/wp-json\/wp\/v2\/tags?post=110411"}],"curies":[{"name":"wp","href":"https:\/\/api.w.org\/{rel}","templated":true}]}}