{"id":110413,"date":"2021-02-01T15:53:49","date_gmt":"2021-02-01T20:53:49","guid":{"rendered":"https:\/\/linitiative.ca\/International\/les-travers-des-reseaux-sociaux\/"},"modified":"2021-02-01T15:53:49","modified_gmt":"2021-02-01T20:53:49","slug":"les-travers-des-reseaux-sociaux","status":"publish","type":"post","link":"https:\/\/linitiative.ca\/International\/les-travers-des-reseaux-sociaux\/","title":{"rendered":"Les travers des r\u00e9seaux sociaux"},"content":{"rendered":"<div class=\"td-post-featured-image\"><a href=\"https:\/\/www.sidwaya.info\/wp-content\/uploads\/2021\/02\/Trait-de-plume.jpg\" data-caption=\"\"><img loading=\"lazy\" decoding=\"async\" width=\"696\" height=\"465\" class=\"entry-thumb td-modal-image\" src=\"https:\/\/www.sidwaya.info\/wp-content\/uploads\/2021\/02\/Trait-de-plume-696x465.jpg\" srcset=\"https:\/\/www.sidwaya.info\/wp-content\/uploads\/2021\/02\/Trait-de-plume-696x465.jpg 696w, https:\/\/www.sidwaya.info\/wp-content\/uploads\/2021\/02\/Trait-de-plume-300x200.jpg 300w, https:\/\/www.sidwaya.info\/wp-content\/uploads\/2021\/02\/Trait-de-plume-150x100.jpg 150w, https:\/\/www.sidwaya.info\/wp-content\/uploads\/2021\/02\/Trait-de-plume-629x420.jpg 629w, https:\/\/www.sidwaya.info\/wp-content\/uploads\/2021\/02\/Trait-de-plume.jpg 738w\" sizes=\"auto, (max-width: 696px) 100vw, 696px\" alt=\"\" title=\"Trait de plume\"\/><\/a><\/div>\n<p>Le d\u00e9bat sur la confidentialit\u00e9 des donn\u00e9es priv\u00e9es utilis\u00e9es par l\u2019application WhatsApp, rachet\u00e9e par Facebook en 2014, continue de cristalliser les attentions. La raison, ce g\u00e9ant de la messagerie \u00e9lectronique a annonc\u00e9 la modification de ses conditions g\u00e9n\u00e9rales d\u2019utilisation, le 8 f\u00e9vrier 2021, mena\u00e7ant m\u00eame de fermer les comptes des utilisateurs qui s\u2019y refuseraient. Au regard de la pol\u00e9mique sur la question, l\u2019on est tent\u00e9 de s\u2019interroger sur les v\u00e9ritables implications qui sous-tendent cette nouvelle politique de confidentialit\u00e9 qui fait \u00ab jacasser \u00bb tant d\u2019utilisateurs de la plateforme num\u00e9rique \u00e0 travers le monde. A y voir de pr\u00e8s, elle stipule que, dor\u00e9navant, les donn\u00e9es personnelles pourront \u00eatre partag\u00e9es avec Facebook, Messenger ou Instagram telles que les noms, les images de profil et les num\u00e9ros de t\u00e9l\u00e9phone des utilisateurs et de leurs contacts.<\/p>\n<p>En effet, ces donn\u00e9es permettront de cerner encore mieux les profils d\u2019utilisateur sur toutes les plateformes de la famille Facebook, avec en ligne de mire de proposer de la publicit\u00e9 cibl\u00e9e et de rentabiliser la messagerie gratuite. Clairement, la nouvelle donne de confidentialit\u00e9 vise la mon\u00e9tisation de la plateforme, de sorte que les annonceurs puissent contacter leurs clients via WhatsApp, voire d\u2019y vendre directement leurs produits. Est-ce donc dire que les appr\u00e9hensions des uns et des autres se trouvent \u00eatre infond\u00e9es et incongrues ? Ou encore sont-elles symptomatiques de l\u2019int\u00e9r\u00eat trop pouss\u00e9 qu\u2019ils portent \u00e0 leurs vies priv\u00e9es ? De tout \u00e9vidence, il n\u2019est pas \u00e0 exclure que la mise \u00e0 jour des conditions g\u00e9n\u00e9rales d\u2019utilisation annonc\u00e9e par WhatsApp donne libre cours \u00e0 des cybercriminels de pirater les donn\u00e9es personnelles d\u2019honn\u00eates utilisateurs \u00e0 d\u2019autres fins. Mais au-del\u00e0 de toutes ces \u00e9lucubrations qui fusent, c\u2019est la question m\u00eame de l\u2019utilisation rationnelle, judicieuse et responsable des r\u00e9seaux sociaux qui est remise au go\u00fbt du jour.<br \/>En v\u00e9rit\u00e9 et toutes proportions gard\u00e9es, ce n\u2019est un secret pour personne que bon nombre d\u2019adeptes des r\u00e9seaux sociaux savent tr\u00e8s peu les dangers, en termes de protection de la vie priv\u00e9e, qu\u2019ils encourent \u00e0 travers les utilisations hasardeuses et d\u00e9sordonn\u00e9es qu\u2019ils en font. \u00abAujourd\u2019hui, chacun, jeune ou moins jeune, doit se familiariser avec le nouvel environnement num\u00e9rique.<\/p>\n<p>Et pour y parvenir, il est plus important d\u2019informer et d\u2019\u00e9duquer sans rel\u00e2che \u00bb, avait lanc\u00e9 la commissaire europ\u00e9enne \u00e0 la soci\u00e9t\u00e9 de l\u2019information et aux m\u00e9dias, Viviane Reding. En effet, devant l\u2019essor du num\u00e9rique et le foisonnement des r\u00e9seaux sociaux, l\u2019\u00e9ducation et la sensibilisation au num\u00e9rique devront trouver tout leur sens. En consid\u00e9rant l\u2019utilisation qui en est faite de nos jours, il est imp\u00e9rieux d\u2019accompagner les internautes vers une compr\u00e9hension critique des logiques communicationnelles et des enjeux d\u2019ordre \u00e9conomique, politique, social et technique des usages de ces m\u00e9dias num\u00e9riques. Et ce serait, croyons-le, de l\u2019int\u00e9r\u00eat de tous. Car, ainsi que l\u2019avait pr\u00e9venu le sp\u00e9cialiste en Intelligence \u00e9conomique, Christian Harbulot, l\u2019exploitation des failles de Facebook, auquel appartient d\u00e9sormais WhatsApp, permet de \u00abd\u00e9tourner l\u2019outil pour servir des desseins malveillants et dans tous les domaines \u00bb.<\/p>\n<p>Autant dire que face \u00e0 ces \u00e9ventuels d\u00e9sagr\u00e9ments tant redout\u00e9s, plut\u00f4t que de jeter l\u2019anath\u00e8me sur ces firmes, les usagers des plateformes num\u00e9riques gagneraient \u00e0 savoir raison garder dans les diverses utilisations des r\u00e9seaux sociaux. Ce, d\u2019autant plus que le meilleur moyen de contenir sa vie priv\u00e9e passe par soi-m\u00eame. Sauf cas de force majeure, c\u2019est aussi par soi que tout ce qui nous concerne, peut se trouver sur la place publique. Cela, avec des cons\u00e9quences n\u00e9fastes sur notre personnalit\u00e9, notre devenir. Or, ne dit-on pas que la force d\u2019un homme, c\u2019est ce que l\u2019on ignore de lui ? Pour ce faire, les r\u00e9seaux sociaux, devenus des outils quasi incontournables dans les pratiques quotidiennes, doivent \u00eatre \u00ab consomm\u00e9s \u00bb \u00e0 bon escient, en ayant \u00e0 l\u2019esprit tout leur potentiel aussi bien sur le plan positif que n\u00e9gatif. Les r\u00e9seaux sociaux n\u2019ont jamais \u00e9t\u00e9, en effet, neutres. Quiconque peut tomber dans leurs travers, si des pr\u00e9cautions pr\u00e9alables ne sont pas prises.<\/p>\n<p>Il faut savoir s\u2019en pr\u00e9munir par usage raisonn\u00e9. Gageons donc que la pol\u00e9mique d\u00e9mesur\u00e9e qui pr\u00e9vaut autour des nouvelles conditions d\u2019utilisation de WhatsApp serve de tremplin \u00e0 une prise de conscience sur ce que renferme v\u00e9ritablement une utilisation \u00e0 vau-l\u2019eau et imprudente des r\u00e9seaux sociaux. Et dans un tel contexte, donner aux citoyens les moyens ad\u00e9quats, les attitudes conscientes et critiques face aux produits, aux contenus et aux services offerts par ces plateformes de communication est devenu un enjeu majeur. Car, la construction d\u2019une soci\u00e9t\u00e9 o\u00f9 se cultive une citoyennet\u00e9 responsable, gage de paix et de d\u00e9veloppement en d\u00e9pend.<\/p>\n<p>\u2013 Souma\u00efla BONKOUNGOU<\/p>\n<div class=\"td-a-rec td-a-rec-id-content_bottom tdi_33_018 td_block_template_1\"><img loading=\"lazy\" decoding=\"async\" class=\"aligncenter size-full wp-image-27454\" src=\"https:\/\/www.sidwaya.info\/wp-content\/uploads\/2020\/10\/PUB-Bandeau-paiement-mobile-siteweb.jpg\" alt=\"\" width=\"728\" height=\"90\"\/><\/div>\n<p>Auteur: BM. Sidwaya<br \/>\n<a href=\"https:\/\/www.sidwaya.info\/blog\/2021\/02\/01\/les-travers-des-reseaux-sociaux\/\">Cliquez ici pour lire l&rsquo;article depuis sa source.<\/a><\/p>\n","protected":false},"excerpt":{"rendered":"<p>Le d\u00e9bat sur la confidentialit\u00e9 des donn\u00e9es priv\u00e9es utilis\u00e9es par l\u2019application WhatsApp, rachet\u00e9e par Facebook en 2014, continue de cristalliser les attentions. La raison, ce g\u00e9ant de la messagerie \u00e9lectronique a annonc\u00e9 la modification de ses conditions g\u00e9n\u00e9rales d\u2019utilisation, le 8 f\u00e9vrier 2021, mena\u00e7ant m\u00eame de fermer les comptes des utilisateurs qui s\u2019y refuseraient. Au [&hellip;]<\/p>\n","protected":false},"author":1816,"featured_media":0,"comment_status":"closed","ping_status":"closed","sticky":false,"template":"","format":"standard","meta":{"fifu_image_url":"https:\/\/www.sidwaya.info\/wp-content\/uploads\/2021\/02\/Trait-de-plume-696x465.jpg","fifu_image_alt":"Les travers des r\u00e9seaux sociaux","footnotes":""},"categories":[73,81],"tags":[],"class_list":["post-110413","post","type-post","status-publish","format-standard","hentry","category-actualite","category-burkina-faso"],"_links":{"self":[{"href":"https:\/\/linitiative.ca\/International\/wp-json\/wp\/v2\/posts\/110413","targetHints":{"allow":["GET"]}}],"collection":[{"href":"https:\/\/linitiative.ca\/International\/wp-json\/wp\/v2\/posts"}],"about":[{"href":"https:\/\/linitiative.ca\/International\/wp-json\/wp\/v2\/types\/post"}],"author":[{"embeddable":true,"href":"https:\/\/linitiative.ca\/International\/wp-json\/wp\/v2\/users\/1816"}],"replies":[{"embeddable":true,"href":"https:\/\/linitiative.ca\/International\/wp-json\/wp\/v2\/comments?post=110413"}],"version-history":[{"count":0,"href":"https:\/\/linitiative.ca\/International\/wp-json\/wp\/v2\/posts\/110413\/revisions"}],"wp:attachment":[{"href":"https:\/\/linitiative.ca\/International\/wp-json\/wp\/v2\/media?parent=110413"}],"wp:term":[{"taxonomy":"category","embeddable":true,"href":"https:\/\/linitiative.ca\/International\/wp-json\/wp\/v2\/categories?post=110413"},{"taxonomy":"post_tag","embeddable":true,"href":"https:\/\/linitiative.ca\/International\/wp-json\/wp\/v2\/tags?post=110413"}],"curies":[{"name":"wp","href":"https:\/\/api.w.org\/{rel}","templated":true}]}}