{"id":110420,"date":"2021-02-01T11:18:06","date_gmt":"2021-02-01T16:18:06","guid":{"rendered":"https:\/\/linitiative.ca\/International\/le-maroc-et-la-rdc-discutent-des-defis-securitaires-dans-la-sous-region-et-le-continent-africain\/"},"modified":"2021-02-01T11:18:06","modified_gmt":"2021-02-01T16:18:06","slug":"le-maroc-et-la-rdc-discutent-des-defis-securitaires-dans-la-sous-region-et-le-continent-africain","status":"publish","type":"post","link":"https:\/\/linitiative.ca\/International\/le-maroc-et-la-rdc-discutent-des-defis-securitaires-dans-la-sous-region-et-le-continent-africain\/","title":{"rendered":"Le Maroc et la RDC discutent des d\u00e9fis s\u00e9curitaires dans la sous-r\u00e9gion et le continent africain"},"content":{"rendered":"<div readability=\"32\">\n<p>Publi\u00e9 le 01.02.2021 \u00e0 17h18 par APA News<\/p>\n<\/div>\n<div readability=\"59\">\n<p>Le ministre marocain des Affaires \u00e9trang\u00e8res, Nasser Bourita, s\u2019est entretenu, lundi \u00e0 Rabat, avec le Conseiller sp\u00e9cial du chef d\u2019\u00c9tat de la R\u00e9publique d\u00e9mocratique du Congo (RDC) en mati\u00e8re de s\u00e9curit\u00e9, Fran\u00e7ois Beya.Ces entretiens interviennent suite au message du Roi Mohammed VI au pr\u00e9sident congolais, F\u00e9lix Tshisekedi, remis en d\u00e9cembre dernier par le ministre d\u00e9l\u00e9gu\u00e9 aux Affaires \u00e9trang\u00e8res, Mohcine Jazouli, indique un communiqu\u00e9 du d\u00e9partement marocain des AE.<\/p>\n<p>Lors de cette rencontre, les deux responsables ont \u00e9voqu\u00e9 les relations bilat\u00e9rales et les moyens de les renforcer davantage et discut\u00e9 des d\u00e9fis s\u00e9curitaires dans la sous-r\u00e9gion et le continent africain, dans un contexte marqu\u00e9 par la menace terroriste.<\/p>\n<p>Cet entretien intervient \u00e0 la veille du d\u00e9but du mandat du pr\u00e9sident congolais, F\u00e9lix Tshisekedi, \u00e0 la t\u00eate de la pr\u00e9sidence tournante de l\u2019Union Africaine (UA), qui succ\u00e8de ainsi \u00e0 son homologue sud-africain, Cyril Ramaphosa, conclut la m\u00eame source.<\/p>\n<\/div>\n<p>Auteur: APA News<br \/>\n<a href=\"https:\/\/www.journalducameroun.com\/le-maroc-et-la-rdc-discutent-des-defis-securitaires-dans-la-sous-region-et-le-continent-africain\/\">Cliquez ici pour lire l&rsquo;article depuis sa source.<\/a><\/p>\n","protected":false},"excerpt":{"rendered":"<p>Publi\u00e9 le 01.02.2021 \u00e0 17h18 par APA News Le ministre marocain des Affaires \u00e9trang\u00e8res, Nasser Bourita, s\u2019est entretenu, lundi \u00e0 Rabat, avec le Conseiller sp\u00e9cial du chef d\u2019\u00c9tat de la R\u00e9publique d\u00e9mocratique du Congo (RDC) en mati\u00e8re de s\u00e9curit\u00e9, Fran\u00e7ois Beya.Ces entretiens interviennent suite au message du Roi Mohammed VI au pr\u00e9sident congolais, F\u00e9lix Tshisekedi, [&hellip;]<\/p>\n","protected":false},"author":1965,"featured_media":0,"comment_status":"closed","ping_status":"closed","sticky":false,"template":"","format":"standard","meta":{"fifu_image_url":"","fifu_image_alt":"","footnotes":""},"categories":[73,82],"tags":[],"class_list":["post-110420","post","type-post","status-publish","format-standard","hentry","category-actualite","category-cameroun"],"_links":{"self":[{"href":"https:\/\/linitiative.ca\/International\/wp-json\/wp\/v2\/posts\/110420","targetHints":{"allow":["GET"]}}],"collection":[{"href":"https:\/\/linitiative.ca\/International\/wp-json\/wp\/v2\/posts"}],"about":[{"href":"https:\/\/linitiative.ca\/International\/wp-json\/wp\/v2\/types\/post"}],"author":[{"embeddable":true,"href":"https:\/\/linitiative.ca\/International\/wp-json\/wp\/v2\/users\/1965"}],"replies":[{"embeddable":true,"href":"https:\/\/linitiative.ca\/International\/wp-json\/wp\/v2\/comments?post=110420"}],"version-history":[{"count":0,"href":"https:\/\/linitiative.ca\/International\/wp-json\/wp\/v2\/posts\/110420\/revisions"}],"wp:attachment":[{"href":"https:\/\/linitiative.ca\/International\/wp-json\/wp\/v2\/media?parent=110420"}],"wp:term":[{"taxonomy":"category","embeddable":true,"href":"https:\/\/linitiative.ca\/International\/wp-json\/wp\/v2\/categories?post=110420"},{"taxonomy":"post_tag","embeddable":true,"href":"https:\/\/linitiative.ca\/International\/wp-json\/wp\/v2\/tags?post=110420"}],"curies":[{"name":"wp","href":"https:\/\/api.w.org\/{rel}","templated":true}]}}