{"id":110421,"date":"2021-02-01T17:18:01","date_gmt":"2021-02-01T22:18:01","guid":{"rendered":"https:\/\/linitiative.ca\/International\/ouverture-du-contentieux-de-leligibilite-des-candidats-aux-legislatives-ivoiriennes\/"},"modified":"2021-02-01T17:18:01","modified_gmt":"2021-02-01T22:18:01","slug":"ouverture-du-contentieux-de-leligibilite-des-candidats-aux-legislatives-ivoiriennes","status":"publish","type":"post","link":"https:\/\/linitiative.ca\/International\/ouverture-du-contentieux-de-leligibilite-des-candidats-aux-legislatives-ivoiriennes\/","title":{"rendered":"Ouverture du contentieux de l\u2019\u00e9ligibilit\u00e9 des candidats aux l\u00e9gislatives ivoiriennes"},"content":{"rendered":"<div readability=\"32\">\n<p>Publi\u00e9 le 01.02.2021 \u00e0 23h18 par APA News<\/p>\n<\/div>\n<div readability=\"62\">\n<p>Les r\u00e9clamations relatives \u00e0 l\u2019\u00e9ligibilit\u00e9 des candidats aux \u00e9lections l\u00e9gislatives ivoiriennes du 06 mars prochain ont \u00e9t\u00e9 ouvertes lundi devant le Conseil constitutionnel ivoirien et devraient s\u2019achever le 08 f\u00e9vrier prochain, a indiqu\u00e9 cette institution dans un communiqu\u00e9 parvenu \u00e0 APA.<\/p>\n<p>\u00ab La Commission \u00e9lectorale ind\u00e9pendante (CEI) ayant proc\u00e9d\u00e9 le dimanche 31 janvier 2021 \u00e0 la publication de la liste provisoire des candidats pour le scrutin du 06 mars 2021, les r\u00e9clamations sont re\u00e7ues par le Conseil constitutionnel du lundi 1er au lundi 08 f\u00e9vrier 2021\u00bb, a rappel\u00e9 le Conseil constitutionnel dans ce communiqu\u00e9.\u00a0\u00a0<\/p>\n<p>Les requ\u00eates accompagn\u00e9es des pi\u00e8ces justificatives devront \u00eatre d\u00e9pos\u00e9es au secr\u00e9tariat g\u00e9n\u00e9ral dudit Conseil, a ajout\u00e9 le communiqu\u00e9 pr\u00e9cisant qu\u2019\u00e0 l\u2019expiration de ce d\u00e9lai plus aucune r\u00e9clamation ne sera re\u00e7ue.\u00a0<\/p>\n<p>Dimanche, la Commission \u00e9lectorale ind\u00e9pendante ( CEI), l\u2019institution \u00e9lectorale ivoirienne, a publi\u00e9 une \u00a0liste provisoire de 1266 candidatures retenues\u00a0pour\u00a0les l\u00e9gislatives du 06 mars prochain.\u00a0<\/p>\n<p>Conform\u00e9ment \u00e0 l\u2019article 98 du code \u00e9lectoral ivoirien, rappelle-t-on, le droit de contester une \u00e9ligibilit\u00e9 \u00e0 l\u2019\u00e9lection des d\u00e9put\u00e9s \u00e0 l\u2019Assembl\u00e9e nationale appartient \u00e0 tout \u00e9lecteur dans le d\u00e9lai de huit jours \u00e0 compter de la date de publication provisoire des candidats par la CEI.<\/p>\n<\/div>\n<p>Auteur: APA News<br \/>\n<a href=\"https:\/\/www.journalducameroun.com\/ouverture-du-contentieux-de-leligibilite-des-candidats-aux-legislatives-ivoiriennes\/\">Cliquez ici pour lire l&rsquo;article depuis sa source.<\/a><\/p>\n","protected":false},"excerpt":{"rendered":"<p>Publi\u00e9 le 01.02.2021 \u00e0 23h18 par APA News Les r\u00e9clamations relatives \u00e0 l\u2019\u00e9ligibilit\u00e9 des candidats aux \u00e9lections l\u00e9gislatives ivoiriennes du 06 mars prochain ont \u00e9t\u00e9 ouvertes lundi devant le Conseil constitutionnel ivoirien et devraient s\u2019achever le 08 f\u00e9vrier prochain, a indiqu\u00e9 cette institution dans un communiqu\u00e9 parvenu \u00e0 APA. \u00ab La Commission \u00e9lectorale ind\u00e9pendante (CEI) [&hellip;]<\/p>\n","protected":false},"author":1965,"featured_media":0,"comment_status":"closed","ping_status":"closed","sticky":false,"template":"","format":"standard","meta":{"fifu_image_url":"","fifu_image_alt":"","footnotes":""},"categories":[73,82],"tags":[],"class_list":["post-110421","post","type-post","status-publish","format-standard","hentry","category-actualite","category-cameroun"],"_links":{"self":[{"href":"https:\/\/linitiative.ca\/International\/wp-json\/wp\/v2\/posts\/110421","targetHints":{"allow":["GET"]}}],"collection":[{"href":"https:\/\/linitiative.ca\/International\/wp-json\/wp\/v2\/posts"}],"about":[{"href":"https:\/\/linitiative.ca\/International\/wp-json\/wp\/v2\/types\/post"}],"author":[{"embeddable":true,"href":"https:\/\/linitiative.ca\/International\/wp-json\/wp\/v2\/users\/1965"}],"replies":[{"embeddable":true,"href":"https:\/\/linitiative.ca\/International\/wp-json\/wp\/v2\/comments?post=110421"}],"version-history":[{"count":0,"href":"https:\/\/linitiative.ca\/International\/wp-json\/wp\/v2\/posts\/110421\/revisions"}],"wp:attachment":[{"href":"https:\/\/linitiative.ca\/International\/wp-json\/wp\/v2\/media?parent=110421"}],"wp:term":[{"taxonomy":"category","embeddable":true,"href":"https:\/\/linitiative.ca\/International\/wp-json\/wp\/v2\/categories?post=110421"},{"taxonomy":"post_tag","embeddable":true,"href":"https:\/\/linitiative.ca\/International\/wp-json\/wp\/v2\/tags?post=110421"}],"curies":[{"name":"wp","href":"https:\/\/api.w.org\/{rel}","templated":true}]}}