{"id":110426,"date":"2021-02-02T10:20:45","date_gmt":"2021-02-02T15:20:45","guid":{"rendered":"https:\/\/linitiative.ca\/International\/105-993-menages-ont-beneficie-de-lassurance-maladie-complementaire-en-2020\/"},"modified":"2021-02-02T10:20:45","modified_gmt":"2021-02-02T15:20:45","slug":"105-993-menages-ont-beneficie-de-lassurance-maladie-complementaire-en-2020","status":"publish","type":"post","link":"https:\/\/linitiative.ca\/International\/105-993-menages-ont-beneficie-de-lassurance-maladie-complementaire-en-2020\/","title":{"rendered":"105.993 m\u00e9nages ont b\u00e9n\u00e9fici\u00e9 de l\u2019assurance  maladie compl\u00e9mentaire en 2020"},"content":{"rendered":"<p><img decoding=\"async\" class=\"post_layout_5_img\" src=\"http:\/\/aujourdhui.ma\/wp-content\/uploads\/2021\/02\/105.993-menages-ont-beneficie-de-lassurance-maladie-complementaire-en-2020.jpg\" alt=\"105.993 m&#xE9;nages ont b&#xE9;n&#xE9;fici&#xE9; de l&#x2019;assurance maladie compl&#xE9;mentaire en 2020\"\/><\/p>\n<p><span class=\"c5\"><strong>Fondation Mohammed VI de promotion des oeuvres sociales de l\u2019\u00e9ducation-formation<\/strong><\/span><span id=\"more-367162\"\/><\/p>\n<p>Ce sont 105.993 m\u00e9nages qui ont b\u00e9n\u00e9fici\u00e9 de l\u2019assurance maladie compl\u00e9mentaire (AMC+) en 2020 contre 97.751 en 2019. Les chiffres ressortent du bilan 2020 de la Fondation Mohammed VI de promotion des oeuvres sociales de l\u2019\u00e9ducation-formation qui vient de tenir sa 8\u00e8me r\u00e9union pr\u00e9sid\u00e9e par Youssef El Bakkali, d\u00e9sign\u00e9 en 2018 \u00e0 la t\u00eate de son comit\u00e9 directeur. Ainsi, le nombre des b\u00e9n\u00e9ficiaires de cette assurance a, selon cette structure, enregistr\u00e9 \u00abune \u00e9volution de 8%\u00bb. En d\u00e9tail, le co\u00fbt support\u00e9 par la Fondation pour \u00abla prise en charge ou le remboursement compl\u00e9mentaire des frais de sant\u00e9 de ses adh\u00e9rents a atteint 155 millions DH en 2020\u00bb. Concernant le transport sanitaire, le recours \u00e0 cette prestation a, selon la m\u00eame source, augment\u00e9, notamment en p\u00e9riode de confinement, portant ainsi le nombre des dossiers trait\u00e9s \u00e0 14.044 en 2020, contre 13.923 en 2019.<\/p>\n<p>Quant \u00e0 l\u2019aide au logement, Imtilak a renou\u00e9 avec les bonnes performances depuis septembre 2020 apr\u00e8s un l\u00e9ger repli durant le confinement. \u00abIl enregistre actuellement une moyenne de 1.100 b\u00e9n\u00e9ficiaires par mois\u00bb, pr\u00e9cise la m\u00eame source. De plus, ce programme de subvention des financements immobiliers classiques et participatifs a permis, depuis son lancement, \u00e0 12.386 adh\u00e9rents d\u2019acqu\u00e9rir leurs logements avec un engagement financier de la Fondation de l\u2019ordre de 735 millions DH. Et ce sont les financements classiques qui sont les plus sollicit\u00e9s par la famille de l\u2019enseignement, enregistrant un pourcentage de 78% contre 22% des adh\u00e9rents qui ont opt\u00e9 pour le financement participatif Mourabaha.<\/p>\n<p>Concernant le programme d\u2019appui \u00e0 la scolarisation des enfants de ses adh\u00e9rents, la Fondation a, durant l\u2019ann\u00e9e 2020, accord\u00e9 2.601 bourses de m\u00e9rite \u00abIstihqaq\u00bb aux bacheliers ayant obtenu la mention \u00abtr\u00e8s bien\u00bb, soit un total de 78 millions DH. Elle a \u00e9galement re\u00e7u 21.189 subventions pour la pr\u00e9scolarisation des enfants \u00e2g\u00e9s de 4 \u00e0 6 ans. Comme elle a augment\u00e9 le fonds d\u00e9di\u00e9 \u00e0 cette prestation \u00e0 1 milliard DH. En outre, la Fondation a accueilli 1.695 enfants au sein de ses 18 \u00e9coles pr\u00e9scolaires mod\u00e8les et se penche actuellement sur les travaux de construction de 6 nouveaux \u00e9tablissements \u00e0 Benslimane, Agdz, Tiznit, Taroudant, Taourirt et Khemisset. De leur c\u00f4t\u00e9, les deux m\u00e9diath\u00e8ques de la Fondation et son centre socioculturel ont maintenu leurs activit\u00e9s d\u2019animation culturelle \u00e0 distance, qui ont touch\u00e9 33.006 personnes. Et ce n\u2019est pas tout.<\/p>\n<p>Pour 2021, la Fondation pr\u00e9voit la transformation des m\u00e9diath\u00e8ques \u00e0 Rabat et \u00e0 Tanger en centres socioculturels, la finalisation des travaux de construction et d\u2019\u00e9quipement de son centre culturel \u00e0 F\u00e8s, ainsi que la construction de nouveaux centres socioculturels \u00e0 B\u00e9ni Mellal, \u00e0 Mekn\u00e8s et \u00e0 Oujda. En parall\u00e8le, la Fondation consolidera, en 2021, toutes ses prestations, particuli\u00e8rement dans les domaines de la sant\u00e9 et du logement et proc\u00e9dera au lancement de l\u2019op\u00e9ration Nafida II.<\/p>\n<p>Auteur: ALM<br \/>\n<a href=\"https:\/\/aujourdhui.ma\/societe\/105-993-menages-ont-beneficie-de-lassurance-maladie-complementaire-en-2020\">Cliquez ici pour lire l&rsquo;article depuis sa source.<\/a><\/p>\n","protected":false},"excerpt":{"rendered":"<p>Fondation Mohammed VI de promotion des oeuvres sociales de l\u2019\u00e9ducation-formation Ce sont 105.993 m\u00e9nages qui ont b\u00e9n\u00e9fici\u00e9 de l\u2019assurance maladie compl\u00e9mentaire (AMC+) en 2020 contre 97.751 en 2019. Les chiffres ressortent du bilan 2020 de la Fondation Mohammed VI de promotion des oeuvres sociales de l\u2019\u00e9ducation-formation qui vient de tenir sa 8\u00e8me r\u00e9union pr\u00e9sid\u00e9e par [&hellip;]<\/p>\n","protected":false},"author":1759,"featured_media":0,"comment_status":"closed","ping_status":"closed","sticky":false,"template":"","format":"standard","meta":{"fifu_image_url":"http:\/\/aujourdhui.ma\/wp-content\/uploads\/2021\/02\/105.993-menages-ont-beneficie-de-lassurance-maladie-complementaire-en-2020.jpg","fifu_image_alt":"105.993 m\u00e9nages ont b\u00e9n\u00e9fici\u00e9 de l\u2019assurance  maladie compl\u00e9mentaire en 2020","footnotes":""},"categories":[73,54],"tags":[],"class_list":["post-110426","post","type-post","status-publish","format-standard","hentry","category-actualite","category-maroc"],"_links":{"self":[{"href":"https:\/\/linitiative.ca\/International\/wp-json\/wp\/v2\/posts\/110426","targetHints":{"allow":["GET"]}}],"collection":[{"href":"https:\/\/linitiative.ca\/International\/wp-json\/wp\/v2\/posts"}],"about":[{"href":"https:\/\/linitiative.ca\/International\/wp-json\/wp\/v2\/types\/post"}],"author":[{"embeddable":true,"href":"https:\/\/linitiative.ca\/International\/wp-json\/wp\/v2\/users\/1759"}],"replies":[{"embeddable":true,"href":"https:\/\/linitiative.ca\/International\/wp-json\/wp\/v2\/comments?post=110426"}],"version-history":[{"count":0,"href":"https:\/\/linitiative.ca\/International\/wp-json\/wp\/v2\/posts\/110426\/revisions"}],"wp:attachment":[{"href":"https:\/\/linitiative.ca\/International\/wp-json\/wp\/v2\/media?parent=110426"}],"wp:term":[{"taxonomy":"category","embeddable":true,"href":"https:\/\/linitiative.ca\/International\/wp-json\/wp\/v2\/categories?post=110426"},{"taxonomy":"post_tag","embeddable":true,"href":"https:\/\/linitiative.ca\/International\/wp-json\/wp\/v2\/tags?post=110426"}],"curies":[{"name":"wp","href":"https:\/\/api.w.org\/{rel}","templated":true}]}}