{"id":110427,"date":"2021-02-02T10:43:13","date_gmt":"2021-02-02T15:43:13","guid":{"rendered":"https:\/\/linitiative.ca\/International\/economie-bleue-en-mediterranee-aziz-akhannouch-prone-une-action-regionale-integree-et-inclusive\/"},"modified":"2021-02-02T10:43:13","modified_gmt":"2021-02-02T15:43:13","slug":"economie-bleue-en-mediterranee-aziz-akhannouch-prone-une-action-regionale-integree-et-inclusive","status":"publish","type":"post","link":"https:\/\/linitiative.ca\/International\/economie-bleue-en-mediterranee-aziz-akhannouch-prone-une-action-regionale-integree-et-inclusive\/","title":{"rendered":"Economie bleue en M\u00e9diterran\u00e9e : Aziz Akhannouch pr\u00f4ne une action r\u00e9gionale int\u00e9gr\u00e9e et inclusive"},"content":{"rendered":"<p><img decoding=\"async\" class=\"post_layout_5_img\" src=\"http:\/\/aujourdhui.ma\/wp-content\/uploads\/2021\/02\/Aziz-Akhannouch-confe\u0301rence-de-lUpM-sur-le\u0301conomie-bleue-en-Me\u0301diterrane\u0301e.jpg\" alt=\"Economie bleue en M&#xE9;diterran&#xE9;e : Aziz Akhannouch pr&#xF4;ne une action r&#xE9;gionale int&#xE9;gr&#xE9;e et inclusive\"\/><\/p>\n<p><span class=\"c6\"><span class=\"c5\"><strong>M. Akhannouch a rappel\u00e9 que le Maroc s\u2019inscrit dans l\u2019Agenda 2030 des Nations Unies pour le D\u00e9veloppement Durable et l\u2019Agenda 2063 de l\u2019Union africaine dont l\u2019\u00e9conomie bleue est un pilier majeur.<\/strong><\/span> <span id=\"more-367206\"\/><\/span><\/p>\n<p>Le Maroc a pris part \u00e0 la deuxi\u00e8me conf\u00e9rence de l\u2019Union pour la M\u00e9diterran\u00e9e (UpM) pour la promotion d\u2019une \u00e9conomie bleue durable dans la r\u00e9gion m\u00e9diterran\u00e9enne, qui s\u2019est tenue le 2 f\u00e9vrier par visioconf\u00e9rence. Repr\u00e9sent\u00e9 par Aziz Akhannouch, ministre de l\u2019agriculture, de la p\u00eache maritime, du d\u00e9veloppement rural et des eaux et for\u00eats, le Royaume a r\u00e9it\u00e9r\u00e9 son engagement sans faille sous la Haute impulsion royale en faveur de l\u2019\u00e9conomie bleue. Dans son intervention, M. Akhannouch a rappel\u00e9 que le Maroc s\u2019inscrit dans l\u2019Agenda 2030 des Nations Unies pour le D\u00e9veloppement Durable et l\u2019Agenda 2063 de l\u2019Union africaine dont l\u2019\u00e9conomie bleue est un pilier majeur. Le Royaume \u00e9tant partie prenante dans plusieurs initiatives, notamment l\u2019initiative WestMED pour le d\u00e9veloppement durable de l\u2019\u00e9conomie bleue en M\u00e9diterran\u00e9e occidentale pour laquelle le d\u00e9partement de la p\u00eache maritime du Maroc est coordonnateur national et point focal national du projet de la planification spatiale maritime.<\/p>\n<p>Pour le ministre, \u00abune action r\u00e9gionale globale, int\u00e9gr\u00e9e et inclusive est primordiale pour la r\u00e9ussite d\u2019une \u00e9conomie bleue\u00bb, recommande le ministre. Et de pr\u00e9ciser qu\u2019\u00e0 cette fin \u00able Royaume a lanc\u00e9 durant la COP22 l\u2019initiative de la Ceinture Bleue qui a pour objectifs de mettre en place des m\u00e9canismes de coop\u00e9ration et de mobilisation d\u2019appuis techniques et financiers pour r\u00e9pondre simultan\u00e9ment aux d\u00e9fis du changement climatique, de la conservation des oc\u00e9ans et d\u2019un d\u00e9veloppement durable de la p\u00eache et de l\u2019aquaculture, \u00e9l\u00e9ments cl\u00e9s de la s\u00e9curit\u00e9 alimentaire en Afrique et dans le monde\u00bb. Pour ce qui est de la conception marocaine de l\u2019\u00e9conomie bleue, Aziz Akhannouch a indiqu\u00e9 que le Maroc trace une vision \u00e9cosyst\u00e9mique ax\u00e9e sur la pr\u00e9servation des \u00e9cosyst\u00e8mes marins et de leur biodiversit\u00e9 marine, l\u2019exploitation durable des ressources halieutiques en \u00e9tant socialement inclusive et g\u00e9n\u00e9ratrice de valeur \u00e9conomique, la lutte contre le changement climatique et l\u2019\u00e9mergence de nouvelles potentialit\u00e9s \u00e9conomiques telles que l\u2019aquaculture et l\u2019industrie alimentaire qui au-del\u00e0 de leur int\u00e9r\u00eat \u00e9conomique, permettront de r\u00e9pondre au d\u00e9fi omnipr\u00e9sent de la s\u00e9curit\u00e9 alimentaire.<\/p>\n<p>S\u2019agissant des engagements du Royaume dans le cadre de l\u2019\u00e9conomie bleue, notamment pour le secteur de la p\u00eache, le ministre a soulign\u00e9 les moyens consid\u00e9rables ayant \u00e9t\u00e9 mis en \u0153uvre depuis 2009 pour renforcer la recherche halieutique nationale, la mise en \u0153uvre de plans d\u2019am\u00e9nagement des p\u00eacheries, le contr\u00f4le des navires de p\u00eache par VMS et la tra\u00e7abilit\u00e9 des captures. \u00abGr\u00e2ce \u00e0 ces efforts, 95% des captures d\u00e9barqu\u00e9es au Maroc sont couvertes par des plans d\u2019am\u00e9nagement et des mesures de gestion durable des p\u00eacheries\u00bb, indique-t-il. Et de rappeler que \u00able Maroc a fortement investi ces derni\u00e8res ann\u00e9es dans le d\u00e9veloppement de l\u2019aquaculture qui constitue une source de diversification \u00e9conomique importante et r\u00e9elle, en particulier pour les communaut\u00e9s littorales\u00bb. Il est \u00e0 noter que la mise en place de plans d\u2019am\u00e9nagement aquacoles r\u00e9gionaux concert\u00e9s pour le d\u00e9veloppement de l\u2019aquaculture a permis d\u2019apporter une offre en mati\u00e8re d\u2019investissement aquacole tr\u00e8s importante.<\/p>\n<p>Rappelons que pour acc\u00e9l\u00e9rer ce processus, plusieurs projets d\u2019aides aux coop\u00e9ratives artisanales ont \u00e9t\u00e9 r\u00e9alis\u00e9s, notamment en algoculture et en conchyliculture. Aziz Akhannouch a, par ailleurs, rappel\u00e9 lors de son intervention l\u2019attention particuli\u00e8re qu\u2019accorde le Maroc aux petits p\u00eacheurs artisanaux et c\u00f4tiers, notamment les plus vuln\u00e9rables \u00e0 travers des initiatives concr\u00e8tes visant l\u2019am\u00e9lioration de leurs syst\u00e8mes de production et ainsi leurs revenus. Une d\u00e9marche qui s\u2019inscrit dans le cadre de l\u2019effort d\u2019adaptation au changement climatique et \u00e0 la d\u00e9gradation des stocks halieutiques.<\/p>\n<p>De m\u00eame, le Maroc a lanc\u00e9 plusieurs projets ambitieux exp\u00e9riment\u00e9s relatifs \u00e0 la p\u00eache sentinelle au niveau local.<br \/>L\u2019ambition \u00e9tant de les reproduire \u00e0 l\u2019\u00e9chelle r\u00e9gionale gr\u00e2ce \u00e0 l\u2019initiative \u00abCeinture Bleue\u00bb. Cette initiative ambitionne, en effet, de compl\u00e9ter les strat\u00e9gies halieutiques nationales et r\u00e9gionales en favorisant la transformation des m\u00e9tiers du secteur halieutique en activit\u00e9s durables et respectueuses de l\u2019environnement marin tout en transformant les contraintes environnementales \u00e9manant des impacts du changement climatique en nouvelles opportunit\u00e9s \u00e9conomiques g\u00e9n\u00e9ratrices de valeur \u00e9conomique et d\u2019emploi.<\/p>\n<p>Auteur: Kawtar Tali<br \/>\n<a href=\"https:\/\/aujourdhui.ma\/economie\/economie-bleue-en-mediterranee-aziz-akhannouch-prone-une-action-regionale-integree-et-inclusive\">Cliquez ici pour lire l&rsquo;article depuis sa source.<\/a><\/p>\n","protected":false},"excerpt":{"rendered":"<p>M. Akhannouch a rappel\u00e9 que le Maroc s\u2019inscrit dans l\u2019Agenda 2030 des Nations Unies pour le D\u00e9veloppement Durable et l\u2019Agenda 2063 de l\u2019Union africaine dont l\u2019\u00e9conomie bleue est un pilier majeur. Le Maroc a pris part \u00e0 la deuxi\u00e8me conf\u00e9rence de l\u2019Union pour la M\u00e9diterran\u00e9e (UpM) pour la promotion d\u2019une \u00e9conomie bleue durable dans la [&hellip;]<\/p>\n","protected":false},"author":1759,"featured_media":0,"comment_status":"closed","ping_status":"closed","sticky":false,"template":"","format":"standard","meta":{"fifu_image_url":"http:\/\/aujourdhui.ma\/wp-content\/uploads\/2021\/02\/Aziz-Akhannouch-confe\u0301rence-de-lUpM-sur-le\u0301conomie-bleue-en-Me\u0301diterrane\u0301e.jpg","fifu_image_alt":"Economie bleue en M\u00e9diterran\u00e9e : Aziz Akhannouch pr\u00f4ne une action r\u00e9gionale int\u00e9gr\u00e9e et inclusive","footnotes":""},"categories":[73,54],"tags":[],"class_list":["post-110427","post","type-post","status-publish","format-standard","hentry","category-actualite","category-maroc"],"_links":{"self":[{"href":"https:\/\/linitiative.ca\/International\/wp-json\/wp\/v2\/posts\/110427","targetHints":{"allow":["GET"]}}],"collection":[{"href":"https:\/\/linitiative.ca\/International\/wp-json\/wp\/v2\/posts"}],"about":[{"href":"https:\/\/linitiative.ca\/International\/wp-json\/wp\/v2\/types\/post"}],"author":[{"embeddable":true,"href":"https:\/\/linitiative.ca\/International\/wp-json\/wp\/v2\/users\/1759"}],"replies":[{"embeddable":true,"href":"https:\/\/linitiative.ca\/International\/wp-json\/wp\/v2\/comments?post=110427"}],"version-history":[{"count":0,"href":"https:\/\/linitiative.ca\/International\/wp-json\/wp\/v2\/posts\/110427\/revisions"}],"wp:attachment":[{"href":"https:\/\/linitiative.ca\/International\/wp-json\/wp\/v2\/media?parent=110427"}],"wp:term":[{"taxonomy":"category","embeddable":true,"href":"https:\/\/linitiative.ca\/International\/wp-json\/wp\/v2\/categories?post=110427"},{"taxonomy":"post_tag","embeddable":true,"href":"https:\/\/linitiative.ca\/International\/wp-json\/wp\/v2\/tags?post=110427"}],"curies":[{"name":"wp","href":"https:\/\/api.w.org\/{rel}","templated":true}]}}