{"id":110428,"date":"2021-02-02T10:52:37","date_gmt":"2021-02-02T15:52:37","guid":{"rendered":"https:\/\/linitiative.ca\/International\/covid-19-le-taux-de-reproduction-du-virus-se-stabilise-a-084\/"},"modified":"2021-02-02T10:52:37","modified_gmt":"2021-02-02T15:52:37","slug":"covid-19-le-taux-de-reproduction-du-virus-se-stabilise-a-084","status":"publish","type":"post","link":"https:\/\/linitiative.ca\/International\/covid-19-le-taux-de-reproduction-du-virus-se-stabilise-a-084\/","title":{"rendered":"Covid-19 : Le taux de reproduction du virus se stabilise \u00e0 0,84"},"content":{"rendered":"<p><img decoding=\"async\" class=\"post_layout_5_img\" src=\"http:\/\/aujourdhui.ma\/wp-content\/uploads\/2021\/02\/Abdelkrim-Meziane-Belfkih.jpg\" alt=\"Covid-19 : Le taux de reproduction du virus se stabilise &#xE0; 0,84\"\/><\/p>\n<p><span class=\"c5\"><strong>Le taux de reproduction (R0) de la Covid-19 affiche une am\u00e9lioration continue, pour se stabiliser \u00e0 0,84, dimanche dernier, a annonc\u00e9 le minist\u00e8re de la Sant\u00e9.<\/strong><\/span><br \/><span class=\"c6\"><span id=\"more-367144\"\/><\/span><\/p>\n<p>La courbe \u00e9pid\u00e9miologique hebdomadaire relative au coronavirus au Maroc a \u00e9volu\u00e9 en baisse de 26,4%, jusqu\u2019au 31 janvier, affirme le minist\u00e8re dans son bilan bimensuel relatif \u00e0 la situation \u00e9pid\u00e9miologique, pr\u00e9sent\u00e9 mardi \u00e0 Rabat, par le chef de la division des maladies transmissibles \u00e0 la direction de l\u2019\u00e9pid\u00e9miologie et de lutte contre les maladies, Abdelkrim Meziane Belfkih.<\/p>\n<p>Cette tendance \u00e0 la baisse a \u00e9t\u00e9 observ\u00e9e dans les r\u00e9gions de Guelmim-Oued Noun (-78,5%), F\u00e8s-Mekn\u00e8s (-65,1%), Dra\u00e2-Tafilalet (-38%), Rabat-Sal\u00e9-K\u00e9nitra (-32,6%), Souss-Massa (-32,6%), Tanger-T\u00e9touan-Al Hoceima (-26,5%), Casablanca-Settat (-22,9%), Marrakech-Safi (-22,6%), l\u2019Oriental (-14,5%), B\u00e9ni Mellal-Kh\u00e9nifra (-7,4%) et La\u00e2youne-Sakia El Hamra (-6,5%).<br \/>La courbe \u00e9pid\u00e9miologique hebdomadaire a, en revanche, \u00e9volu\u00e9 en hausse dans la r\u00e9gion de Dakhla-Oued Eddahab (+55,6%).<\/p>\n<p>Quant \u00e0 la courbe des d\u00e9c\u00e8s, elle a enregistr\u00e9 une baisse de 40% au cours des deux derni\u00e8res semaines, a-t-il pr\u00e9cis\u00e9, mettant en avant la baisse des cas actifs de 22% et celle des cas en r\u00e9animation de 20,4%.<br \/>Ainsi, selon les statistiques, le Maroc occupe la 34-\u00e8me place au niveau mondial et la 2-\u00e8me en Afrique en ce qui concerne le nombre de cas, 37-\u00e8me mondial et 3-\u00e8me en Afrique en ce qui concerne le nombre de d\u00e9c\u00e8s et 40-\u00e8me mondial et 2-\u00e8me en Afrique en ce qui concerne le nombre de tests, a fait observer M. Meziane Belfkih.<br \/>Par ailleurs, sur le plan mondial, le nombre de cas positifs s\u2019\u00e9l\u00e8ve \u00e0 103.670.319 jusqu\u2019au 1er f\u00e9vrier, soit un taux d\u2019incidence cumul\u00e9 de 1.330 pour 100.000 habitants.<\/p>\n<p>Le nombre de d\u00e9c\u00e8s enregistr\u00e9 s\u2019est \u00e9tabli \u00e0 2.241.015, soit un taux de l\u00e9talit\u00e9 de 2,2%, a-t-il poursuivi, pr\u00e9cisant que le nombre de personnes gu\u00e9ries a atteint environ 75.269.006, soit un taux de gu\u00e9rison de 72,6%.<br \/>Dans le m\u00eame contexte, le responsable a insist\u00e9 sur l\u2019importance de respecter les mesures sanitaires pr\u00e9ventives afin de limiter la propagation du virus, \u00e0 savoir le port des masques de protection, le lavage r\u00e9gulier des mains et la distanciation physique, appelant les citoyens \u00e0 faire preuve de vigilance en cette p\u00e9riode de campagne de vaccination.<\/p>\n<p>Enfin, M. Meziane Belfkih a rappel\u00e9 que le minist\u00e8re de la Sant\u00e9 communiquera le bilan quotidien de la campagne de vaccination anti-Covid-19 tous les jours \u00e0 18h00, via les portails www.covidmaroc.ma et www.liqahcorona.ma, ainsi que sur les pages du minist\u00e8re dans les r\u00e9seaux sociaux.<\/p>\n<p>Auteur: ALM<br \/>\n<a href=\"https:\/\/aujourdhui.ma\/societe\/covid-19-le-taux-de-reproduction-du-virus-se-stabilise-a-084\">Cliquez ici pour lire l&rsquo;article depuis sa source.<\/a><\/p>\n","protected":false},"excerpt":{"rendered":"<p>Le taux de reproduction (R0) de la Covid-19 affiche une am\u00e9lioration continue, pour se stabiliser \u00e0 0,84, dimanche dernier, a annonc\u00e9 le minist\u00e8re de la Sant\u00e9. La courbe \u00e9pid\u00e9miologique hebdomadaire relative au coronavirus au Maroc a \u00e9volu\u00e9 en baisse de 26,4%, jusqu\u2019au 31 janvier, affirme le minist\u00e8re dans son bilan bimensuel relatif \u00e0 la situation [&hellip;]<\/p>\n","protected":false},"author":1759,"featured_media":0,"comment_status":"closed","ping_status":"closed","sticky":false,"template":"","format":"standard","meta":{"fifu_image_url":"http:\/\/aujourdhui.ma\/wp-content\/uploads\/2021\/02\/Abdelkrim-Meziane-Belfkih.jpg","fifu_image_alt":"Covid-19 : Le taux de reproduction du virus se stabilise \u00e0 0,84","footnotes":""},"categories":[73,54],"tags":[],"class_list":["post-110428","post","type-post","status-publish","format-standard","hentry","category-actualite","category-maroc"],"_links":{"self":[{"href":"https:\/\/linitiative.ca\/International\/wp-json\/wp\/v2\/posts\/110428","targetHints":{"allow":["GET"]}}],"collection":[{"href":"https:\/\/linitiative.ca\/International\/wp-json\/wp\/v2\/posts"}],"about":[{"href":"https:\/\/linitiative.ca\/International\/wp-json\/wp\/v2\/types\/post"}],"author":[{"embeddable":true,"href":"https:\/\/linitiative.ca\/International\/wp-json\/wp\/v2\/users\/1759"}],"replies":[{"embeddable":true,"href":"https:\/\/linitiative.ca\/International\/wp-json\/wp\/v2\/comments?post=110428"}],"version-history":[{"count":0,"href":"https:\/\/linitiative.ca\/International\/wp-json\/wp\/v2\/posts\/110428\/revisions"}],"wp:attachment":[{"href":"https:\/\/linitiative.ca\/International\/wp-json\/wp\/v2\/media?parent=110428"}],"wp:term":[{"taxonomy":"category","embeddable":true,"href":"https:\/\/linitiative.ca\/International\/wp-json\/wp\/v2\/categories?post=110428"},{"taxonomy":"post_tag","embeddable":true,"href":"https:\/\/linitiative.ca\/International\/wp-json\/wp\/v2\/tags?post=110428"}],"curies":[{"name":"wp","href":"https:\/\/api.w.org\/{rel}","templated":true}]}}