{"id":110432,"date":"2021-02-02T09:21:09","date_gmt":"2021-02-02T14:21:09","guid":{"rendered":"https:\/\/linitiative.ca\/International\/%ef%bb%bfmise-en-place-dun-cadre-daction-commune-des-droits-de-lhomme\/"},"modified":"2021-02-02T09:21:09","modified_gmt":"2021-02-02T14:21:09","slug":"%ef%bb%bfmise-en-place-dun-cadre-daction-commune-des-droits-de-lhomme","status":"publish","type":"post","link":"https:\/\/linitiative.ca\/International\/%ef%bb%bfmise-en-place-dun-cadre-daction-commune-des-droits-de-lhomme\/","title":{"rendered":"\ufeffMise en place d\u2019un cadre d\u2019action commune des droits de l\u2019Homme"},"content":{"rendered":"<p class=\"has-text-color has-vivid-red-color c2\"><strong>Maroc-Mauritanie<\/strong><\/p>\n<p class=\"has-text-color c3\"><strong>Le Conseil national des droits de l\u2019Homme (CNDH) et la Commission nationale des droits de l\u2019Homme en Mauritanie ont sign\u00e9 dimanche un m\u00e9morandum d\u2019entente visant \u00e0 instaurer et d\u00e9velopper un cadre de coop\u00e9ration et de concertation entre les deux parties.<\/strong><\/p>\n<p>Sign\u00e9 par la pr\u00e9sidente du CNDH, Amina Bouayach et le pr\u00e9sident de la Commission nationale des droits de l\u2019Homme en Mauritanie, Ahmed Salem Bouhoubeyni, ce m\u00e9morandum d\u2019entente se fixe pour objectif de concr\u00e9tiser la vision commune des deux institutions, \u00e0 savoir le soutien aux initiatives de promotion et de protection des droits de l\u2019Homme.<\/p>\n<p>Selon un communiqu\u00e9 du CNDH, plusieurs domaines de coop\u00e9ration sont fix\u00e9s, comme l\u2019\u00e9change d\u2019exp\u00e9riences, de connaissances, d\u2019exp\u00e9riences et de bonne pratiques, ainsi que la consolidation du dialogue bilat\u00e9ral pour d\u00e9terminer les mesures de mise en \u0153uvre des droits de l\u2019Homme, tels que universellement connus.<\/p>\n<p>Il s\u2019agit \u00e9galement du renforcement de la capacit\u00e9 des membres et personnel des deux institutions, notamment dans les domaines d\u2019observation, de traitement et suivi des plaintes, l\u2019interaction avec le syst\u00e8me international et r\u00e9gional des droits de l\u2019Homme, l\u2019\u00e9laboration des rapports, la communication et le plaidoyer, ainsi que la participation aux activit\u00e9s internationales, r\u00e9gionales ou nationales organis\u00e9es par chacune des deux institutions.<\/p>\n<p>Auteur: M&rsquo;hammed rahal<br \/>\n<a href=\"http:\/\/albayane.press.ma\/%EF%BB%BFmise-en-place-dun-cadre-daction-commune-des-droits-de-lhomme.html\">Cliquez ici pour lire l&rsquo;article depuis sa source.<\/a><\/p>\n","protected":false},"excerpt":{"rendered":"<p>Maroc-Mauritanie Le Conseil national des droits de l\u2019Homme (CNDH) et la Commission nationale des droits de l\u2019Homme en Mauritanie ont sign\u00e9 dimanche un m\u00e9morandum d\u2019entente visant \u00e0 instaurer et d\u00e9velopper un cadre de coop\u00e9ration et de concertation entre les deux parties. Sign\u00e9 par la pr\u00e9sidente du CNDH, Amina Bouayach et le pr\u00e9sident de la Commission [&hellip;]<\/p>\n","protected":false},"author":1760,"featured_media":0,"comment_status":"closed","ping_status":"closed","sticky":false,"template":"","format":"standard","meta":{"fifu_image_url":"","fifu_image_alt":"","footnotes":""},"categories":[73,54],"tags":[],"class_list":["post-110432","post","type-post","status-publish","format-standard","hentry","category-actualite","category-maroc"],"_links":{"self":[{"href":"https:\/\/linitiative.ca\/International\/wp-json\/wp\/v2\/posts\/110432","targetHints":{"allow":["GET"]}}],"collection":[{"href":"https:\/\/linitiative.ca\/International\/wp-json\/wp\/v2\/posts"}],"about":[{"href":"https:\/\/linitiative.ca\/International\/wp-json\/wp\/v2\/types\/post"}],"author":[{"embeddable":true,"href":"https:\/\/linitiative.ca\/International\/wp-json\/wp\/v2\/users\/1760"}],"replies":[{"embeddable":true,"href":"https:\/\/linitiative.ca\/International\/wp-json\/wp\/v2\/comments?post=110432"}],"version-history":[{"count":0,"href":"https:\/\/linitiative.ca\/International\/wp-json\/wp\/v2\/posts\/110432\/revisions"}],"wp:attachment":[{"href":"https:\/\/linitiative.ca\/International\/wp-json\/wp\/v2\/media?parent=110432"}],"wp:term":[{"taxonomy":"category","embeddable":true,"href":"https:\/\/linitiative.ca\/International\/wp-json\/wp\/v2\/categories?post=110432"},{"taxonomy":"post_tag","embeddable":true,"href":"https:\/\/linitiative.ca\/International\/wp-json\/wp\/v2\/tags?post=110432"}],"curies":[{"name":"wp","href":"https:\/\/api.w.org\/{rel}","templated":true}]}}