{"id":110433,"date":"2021-02-02T09:24:16","date_gmt":"2021-02-02T14:24:16","guid":{"rendered":"https:\/\/linitiative.ca\/International\/%ef%bb%bfdakhla-cooperation-dans-lenseignement-et-la-formation\/"},"modified":"2021-02-02T09:24:16","modified_gmt":"2021-02-02T14:24:16","slug":"%ef%bb%bfdakhla-cooperation-dans-lenseignement-et-la-formation","status":"publish","type":"post","link":"https:\/\/linitiative.ca\/International\/%ef%bb%bfdakhla-cooperation-dans-lenseignement-et-la-formation\/","title":{"rendered":"\ufeffDakhla: coop\u00e9ration dans l\u2019enseignement et la formation"},"content":{"rendered":"<p class=\"c2\"><strong>Maroc \u2013 Ha\u00efti<\/strong><\/p>\n<p class=\"has-text-color has-vivid-cyan-blue-color\"><strong>Une d\u00e9l\u00e9gation technique de coop\u00e9ration culturelle ha\u00eftienne a effectu\u00e9 lundi une visite \u00e0 Dakhla, pour examiner les moyens de renforcer la coop\u00e9ration dans l\u2019enseignement sup\u00e9rieur, la formation professionnelle et l\u2019\u00e9change culturel entre les deux pays.<\/strong><\/p>\n<p>La d\u00e9l\u00e9gation, conduite par la directrice des affaires culturelles au minist\u00e8re des Affaires \u00e9trang\u00e8res et des cultes de la R\u00e9publique d\u2019Ha\u00efti, Yvrose Green, a mis l\u2019accent sur les moyens \u00e0 m\u00eame de donner une forte impulsion \u00e0 la coop\u00e9ration \u00e9ducative et scientifique entre le Maroc et Ha\u00efti, tout en explorant les perspectives d\u2019\u00e9changes culturels entre ce pays des Cara\u00efbes et la r\u00e9gion de Dakhla Oued Eddahab.<\/p>\n<p>Cette premi\u00e8re visite d\u2019une d\u00e9l\u00e9gation technique \u00e0 Dakhla s\u2019inscrit dans le cadre du suivi de la feuille de route 2021-2023 sign\u00e9e le 11 d\u00e9cembre dernier par le ministre ha\u00eftien des Affaires \u00e9trang\u00e8res et des Cultes, Claude Joseph et le ministre des Affaires \u00e9trang\u00e8res, de la Coop\u00e9ration africaine et des Marocains r\u00e9sidant \u00e0 l\u2019\u00e9tranger, Nasser Bourita, portant sur plusieurs domaines, notamment la formation et l\u2019enseignement sup\u00e9rieur et la coop\u00e9ration technique dans des secteurs cl\u00e9s tels que l\u2019agriculture, la p\u00eache, les \u00e9nergies renouvelables et la formation professionnelle.<\/p>\n<p>\u201cCette visite s\u2019inscrit dans le sillage de l\u2019impl\u00e9mentation de la feuille de route, en vue de renforcer les liens d\u2019amiti\u00e9 et de coop\u00e9ration qui existent entre les deux peuples\u201d, a soulign\u00e9 l\u2019ambassadeur d\u2019Ha\u00efti pr\u00e8s du Royaume d\u2019Espagne, Louis Marie Montfort Saintil, lors d\u2019un point de presse au consulat d\u2019Ha\u00efti \u00e0 Dakhla, \u00e0 l\u2019issue d\u2019une visite aux \u00e9tablissements d\u2019enseignements sup\u00e9rieur technique et professionnel.<\/p>\n<p>M. Saintil a \u00e9galement exprim\u00e9 sa satisfaction pour l\u2019appui constant du gouvernement et du peuple marocains \u00e0 l\u2019endroit de la population ha\u00eftienne.<\/p>\n<p>Il a aussi r\u00e9it\u00e9r\u00e9 le soutien du gouvernement ha\u00eftien \u00e0 la souverainet\u00e9 du Royaume sur le Sahara marocain.<\/p>\n<p>\u201cNos engagements \u00e0 c\u00f4t\u00e9 du Maroc sont bas\u00e9s sur la capacit\u00e9 du Royaume \u00e0 contribuer au processus de paix dans la r\u00e9gion\u201d, a-t-il poursuivi, notant que \u201cla marocanit\u00e9 du Sahara est une \u00e9vidence historique, g\u00e9ographique et juridique\u201d.<\/p>\n<p>\u201cGr\u00e2ce aux investissements marocains, le Sahara fait partie aujourd\u2019hui des r\u00e9gions les plus d\u00e9velopp\u00e9es du pays et du Maghreb\u201d, a-t-il encha\u00een\u00e9.<\/p>\n<p>Par ailleurs, le diplomate a salu\u00e9 l\u2019appui du gouvernement marocain aux processus de r\u00e9formes en Ha\u00efti, \u00e0 savoir le r\u00e9f\u00e9rendum constitutionnel du 25 avril et les \u00e9lections g\u00e9n\u00e9rales de septembre et de novembre prochains.<\/p>\n<p>Pour sa part, le chef de poste par int\u00e9rim du Consulat de la R\u00e9publique d\u2019Ha\u00efti \u00e0 Dakhla, Louino Volcy a indiqu\u00e9 que la feuille de route de coop\u00e9ration concerne notamment les vingt bourses d\u2019\u00e9tudes que le Maroc va octroyer \u00e0 la R\u00e9publique d\u2019Ha\u00efti dans des \u00e9tablissements d\u2019enseignements sup\u00e9rieur technique et professionnel dans les provinces du Sud.<\/p>\n<p>La d\u00e9l\u00e9gation diplomatique s\u2019est rendue \u00e0 l\u2019Ecole nationale de commerce et de gestion (ENCG) de Dakhla, \u00e0 l\u2019Institut sp\u00e9cialis\u00e9 de l\u2019h\u00f4tellerie et du tourisme, au Centre r\u00e9gional des m\u00e9tiers de l\u2019\u00e9ducation et de la formation de Dakhla-Oued Eddahab et au Centre de qualification professionnelle maritime de Dakhla, ainsi que la Direction r\u00e9gionale de la culture.<\/p>\n<p>Auteur: M&rsquo;hammed rahal<br \/>\n<a href=\"http:\/\/albayane.press.ma\/%EF%BB%BFdakhla-cooperation-dans-lenseignement-et-la-formation.html\">Cliquez ici pour lire l&rsquo;article depuis sa source.<\/a><\/p>\n","protected":false},"excerpt":{"rendered":"<p>Maroc \u2013 Ha\u00efti Une d\u00e9l\u00e9gation technique de coop\u00e9ration culturelle ha\u00eftienne a effectu\u00e9 lundi une visite \u00e0 Dakhla, pour examiner les moyens de renforcer la coop\u00e9ration dans l\u2019enseignement sup\u00e9rieur, la formation professionnelle et l\u2019\u00e9change culturel entre les deux pays. La d\u00e9l\u00e9gation, conduite par la directrice des affaires culturelles au minist\u00e8re des Affaires \u00e9trang\u00e8res et des cultes [&hellip;]<\/p>\n","protected":false},"author":1760,"featured_media":0,"comment_status":"closed","ping_status":"closed","sticky":false,"template":"","format":"standard","meta":{"fifu_image_url":"","fifu_image_alt":"","footnotes":""},"categories":[73,54],"tags":[],"class_list":["post-110433","post","type-post","status-publish","format-standard","hentry","category-actualite","category-maroc"],"_links":{"self":[{"href":"https:\/\/linitiative.ca\/International\/wp-json\/wp\/v2\/posts\/110433","targetHints":{"allow":["GET"]}}],"collection":[{"href":"https:\/\/linitiative.ca\/International\/wp-json\/wp\/v2\/posts"}],"about":[{"href":"https:\/\/linitiative.ca\/International\/wp-json\/wp\/v2\/types\/post"}],"author":[{"embeddable":true,"href":"https:\/\/linitiative.ca\/International\/wp-json\/wp\/v2\/users\/1760"}],"replies":[{"embeddable":true,"href":"https:\/\/linitiative.ca\/International\/wp-json\/wp\/v2\/comments?post=110433"}],"version-history":[{"count":0,"href":"https:\/\/linitiative.ca\/International\/wp-json\/wp\/v2\/posts\/110433\/revisions"}],"wp:attachment":[{"href":"https:\/\/linitiative.ca\/International\/wp-json\/wp\/v2\/media?parent=110433"}],"wp:term":[{"taxonomy":"category","embeddable":true,"href":"https:\/\/linitiative.ca\/International\/wp-json\/wp\/v2\/categories?post=110433"},{"taxonomy":"post_tag","embeddable":true,"href":"https:\/\/linitiative.ca\/International\/wp-json\/wp\/v2\/tags?post=110433"}],"curies":[{"name":"wp","href":"https:\/\/api.w.org\/{rel}","templated":true}]}}