{"id":110434,"date":"2021-02-02T09:27:30","date_gmt":"2021-02-02T14:27:30","guid":{"rendered":"https:\/\/linitiative.ca\/International\/des-ambassadeurs-etrangers-saluent-la-vision-royale-sur-la-cooperation-sud-sud\/"},"modified":"2021-02-02T09:27:30","modified_gmt":"2021-02-02T14:27:30","slug":"des-ambassadeurs-etrangers-saluent-la-vision-royale-sur-la-cooperation-sud-sud","status":"publish","type":"post","link":"https:\/\/linitiative.ca\/International\/des-ambassadeurs-etrangers-saluent-la-vision-royale-sur-la-cooperation-sud-sud\/","title":{"rendered":"Des ambassadeurs \u00e9trangers saluent la vision royale sur la coop\u00e9ration Sud-Sud"},"content":{"rendered":"<p class=\"has-text-color has-vivid-red-color c2\"><strong>Sidi Ifni<\/strong><\/p>\n<p class=\"has-text-color has-vivid-cyan-blue-color\"><strong>Plusieurs ambassadeurs accr\u00e9dit\u00e9s au Maroc, en visite dans la r\u00e9gion de Guelmim-Oued Noun, ont salu\u00e9 la vision de SM le Roi Mohammed VI sur la coop\u00e9ration Sud-Sud.<\/strong><\/p>\n<p>L\u2019ambassadeur du Tchad \u00e0 Rabat, Mohamed Abdou Rassul a soulign\u00e9, au nom de ses coll\u00e8gues, que gr\u00e2ce \u00e0 cette vision royale, le Royaume est devenu un pays pr\u00e9curseur dans le renforcement des relations de coop\u00e9ration avec les pays africains et arabes.<\/p>\n<p>Dans une d\u00e9claration \u00e0 la MAP, \u00e0 l\u2019issue de cette tourn\u00e9e de trois jours, il a relev\u00e9 que les pays du Sud ont beaucoup \u00e0 apprendre du Maroc, \u201cpays de l\u2019avenir\u201d et \u201cp\u00f4le africain par excellence\u201d, avec ses traditions ancestrales qui traduisent la civilisation arabo-islamique et africaine.<\/p>\n<p>La d\u00e9l\u00e9gation, qui comprenait une dizaine d\u2019ambassadeurs repr\u00e9sentant des pays africains, asiatiques et arabes, a effectu\u00e9 cette tourn\u00e9e \u00e0 l\u2019initiative du Conseil de la r\u00e9gion de Guelmim-Oued Noun, dans le cadre de la promotion des atouts et des opportunit\u00e9s d\u2019investissement dans la r\u00e9gion.<\/p>\n<p>Apr\u00e8s Guelmim et Tan-Tan, les diplomates se sont rendus lundi \u00e0 Sidi Ifni o\u00f9 ils ont visit\u00e9, en compagnie du gouverneur de la province, El Hassan Sidki et la pr\u00e9sidente du conseil r\u00e9gional, Mbarka Bouaida, plusieurs coop\u00e9ratives agricoles dans le domaine de la valorisation des produits du terroir et qui contribuent \u00e0 la consolidation de l\u2019int\u00e9gration sociale et l\u2019am\u00e9lioration du d\u00e9veloppement \u00e9conomique.<\/p>\n<p>Ils ont \u00e9galement visit\u00e9 le port de Sidi Ifni, qui connait la r\u00e9alisation de plusieurs projets structurants dans le domaine des p\u00eaches maritimes, ainsi que les belles plages de la province qui attire de nombreux estivants marocains et \u00e9trangers.<\/p>\n<p>A Tan-Tan, la d\u00e9l\u00e9gation diplomatique avait visit\u00e9 le port de la ville, l\u2019un des plus importants du Maroc, le site touristique Oued Chbika, sur la RN entre Tan-Tan et La\u00e2youne, ainsi que l\u2019embouchure de Oued Daraa qui renferme un site biologique et touristique.<\/p>\n<p>Les diplomates se sont inform\u00e9s \u00e0 Guelmim en particulier de plusieurs infrastructures routi\u00e8res r\u00e9alis\u00e9es dans le cadre du nouveau mod\u00e8le de d\u00e9veloppement des provinces du Sud.<\/p>\n<p>Auteur: M&rsquo;hammed rahal<br \/>\n<a href=\"http:\/\/albayane.press.ma\/des-ambassadeurs-etrangers-saluent-la-vision-royale-sur-la-cooperation-sud-sud.html\">Cliquez ici pour lire l&rsquo;article depuis sa source.<\/a><\/p>\n","protected":false},"excerpt":{"rendered":"<p>Sidi Ifni Plusieurs ambassadeurs accr\u00e9dit\u00e9s au Maroc, en visite dans la r\u00e9gion de Guelmim-Oued Noun, ont salu\u00e9 la vision de SM le Roi Mohammed VI sur la coop\u00e9ration Sud-Sud. L\u2019ambassadeur du Tchad \u00e0 Rabat, Mohamed Abdou Rassul a soulign\u00e9, au nom de ses coll\u00e8gues, que gr\u00e2ce \u00e0 cette vision royale, le Royaume est devenu un [&hellip;]<\/p>\n","protected":false},"author":1760,"featured_media":0,"comment_status":"closed","ping_status":"closed","sticky":false,"template":"","format":"standard","meta":{"fifu_image_url":"","fifu_image_alt":"","footnotes":""},"categories":[73,54],"tags":[],"class_list":["post-110434","post","type-post","status-publish","format-standard","hentry","category-actualite","category-maroc"],"_links":{"self":[{"href":"https:\/\/linitiative.ca\/International\/wp-json\/wp\/v2\/posts\/110434","targetHints":{"allow":["GET"]}}],"collection":[{"href":"https:\/\/linitiative.ca\/International\/wp-json\/wp\/v2\/posts"}],"about":[{"href":"https:\/\/linitiative.ca\/International\/wp-json\/wp\/v2\/types\/post"}],"author":[{"embeddable":true,"href":"https:\/\/linitiative.ca\/International\/wp-json\/wp\/v2\/users\/1760"}],"replies":[{"embeddable":true,"href":"https:\/\/linitiative.ca\/International\/wp-json\/wp\/v2\/comments?post=110434"}],"version-history":[{"count":0,"href":"https:\/\/linitiative.ca\/International\/wp-json\/wp\/v2\/posts\/110434\/revisions"}],"wp:attachment":[{"href":"https:\/\/linitiative.ca\/International\/wp-json\/wp\/v2\/media?parent=110434"}],"wp:term":[{"taxonomy":"category","embeddable":true,"href":"https:\/\/linitiative.ca\/International\/wp-json\/wp\/v2\/categories?post=110434"},{"taxonomy":"post_tag","embeddable":true,"href":"https:\/\/linitiative.ca\/International\/wp-json\/wp\/v2\/tags?post=110434"}],"curies":[{"name":"wp","href":"https:\/\/api.w.org\/{rel}","templated":true}]}}