{"id":110439,"date":"2021-02-02T06:00:09","date_gmt":"2021-02-02T11:00:09","guid":{"rendered":"https:\/\/linitiative.ca\/International\/un-plan-b-pour-contourner-le-veto-presidentiel\/"},"modified":"2021-02-02T06:00:09","modified_gmt":"2021-02-02T11:00:09","slug":"un-plan-b-pour-contourner-le-veto-presidentiel","status":"publish","type":"post","link":"https:\/\/linitiative.ca\/International\/un-plan-b-pour-contourner-le-veto-presidentiel\/","title":{"rendered":"Un plan B pour contourner le v\u00e9to pr\u00e9sidentiel ?"},"content":{"rendered":"<div class=\"td-post-content\">\n<h2>Face au cr\u00e9do pr\u00e9sidentiel selon lequel \u00ab les personnes suspect\u00e9es d\u2019\u00eatre impliqu\u00e9es dans des affaires de conflit d\u2019int\u00e9r\u00eats ne pourront pas pr\u00eater serment \u00bb, Hichem Mechichi se montre confiant. Et ce quant \u00e0 la tenue de la c\u00e9r\u00e9monie de prestation de serment des nouveaux ministres, qui ne saurait tarder. Alors, disposerait-il d\u2019un plan de rechange si Ka\u00efs Sa\u00efed maintenait sa menace ?<\/h2>\n<p>Attention, un discours peut en cacher un autre. Car, coinc\u00e9 entre le marteau et l\u2019enclume, se trouvant au milieu d\u2019un affrontement titanesque entre l\u2019homme qui l\u2019a d\u00e9sign\u00e9 \u00e0 ce poste et celui qui est devenu son mentor et protecteur, le chef du gouvernement,\u00a0<strong>Hichem Mechichi<\/strong>, ne peut pas rester ind\u00e9finiment les bras crois\u00e9s. Et ce, en attendant que le\u00a0<strong>pr\u00e9sident de la R\u00e9publique<\/strong>\u00a0veuille convoquer les nouveaux ministres pour pr\u00eater serment. Il faut agir vite car il y a urgence.<\/p>\n<h2>Les coulisses d\u2019une visite<\/h2>\n<p>Et c\u2019est dans ce contexte qu\u2019il faut placer la visite que le chef du gouvernement rendait, hier lundi 1er f\u00e9vrier 2021, au si\u00e8ge de l\u2019Instance Nationale de lutte contre la corruption (<strong>INLUCC<\/strong>).<\/p>\n<p>En effet, officiellement il s\u2019agissait de \u00ab prendre connaissance du d\u00e9roulement de la d\u00e9claration du patrimoine. Et du renouvellement de la composition des membres de son conseil dont le mandat s\u2019est termin\u00e9 depuis mars 2020 \u00bb.<\/p>\n<p>Ainsi, Hichem Mechichi a profit\u00e9 de cette visite pour \u00ab exprimer le soutien du gouvernement au processus de lutte contre la corruption. Et ce, en acc\u00e9l\u00e9rant la parution des d\u00e9crets inh\u00e9rents la teneur desdites d\u00e9clarations. Tout en dotant l\u2019instance d\u2019un dispositif de contr\u00f4le et d\u2019investigation \u00bb. C\u2019est ce qui ressort d\u2019un communiqu\u00e9 en langue de bois, digne de la d\u00e9funte agence Tass, l\u2019organisme de propagande de l\u2019Union sovi\u00e9tique de l\u2019\u00e9poque.<\/p>\n<p>Or, dans les coulisses, le premier ministre serait venu s\u2019enqu\u00e9rir sur place des donn\u00e9es que d\u00e9tiendrait l\u2019INLUCC sur les nouveaux ministres ayant obtenu la confiance de l\u2019ARP.<\/p>\n<p>Sachant que l\u2019INLUCC avait annonc\u00e9 le 18 janvier 2021 avoir fourni au chef du gouvernement toutes les donn\u00e9es dont elle dispose, au sujet des noms propos\u00e9s aux portefeuilles minist\u00e9riels. Et ce, \u00ab dans le cadre de l\u2019exercice de ses pr\u00e9rogatives l\u00e9gales \u00bb.<\/p>\n<p>D\u2019ailleurs, Hichem Mechchi s\u2019\u00e9tait engag\u00e9 lors de sa prestation \u00e0 l\u2019h\u00e9micycle \u00ab \u00e0 prendre les mesures n\u00e9cessaires; et ce, si l\u2019int\u00e9grit\u00e9 de ses ministres \u00e9tait remise en cause \u00bb.<\/p>\n<p>Cependant, rappelons qu\u2019\u00e0 ce jour,\u00a0<a href=\"https:\/\/www.leconomistemaghrebin.com\/2021\/02\/01\/presidents-y-a-t-il-un-pilote-dans-avion\/\" target=\"_blank\" rel=\"noopener noreferrer\">le pr\u00e9sident de la R\u00e9publique laisse planer le doute<\/a>\u00a0sur son intention de recevoir ou pas certains titulaires de portefeuilles minist\u00e9riels. Puisqu\u2019il avait d\u00e9clar\u00e9 devant la r\u00e9union du Conseil de la s\u00e9curit\u00e9 nationale que \u00ab les personnes suspect\u00e9es d\u2019\u00eatre impliqu\u00e9es dans des affaires de conflit d\u2019int\u00e9r\u00eats ne pourront pas pr\u00eater serment \u00bb.<\/p>\n<h2>\u00ab\u00a0Une question de temps\u00a0\u00bb<\/h2>\n<p>N\u00e9anmoins, Hichem Mechichi s\u2019est montr\u00e9 confiant quant \u00e0 la prochaine tenue de la c\u00e9r\u00e9monie de\u00a0<strong>prestation de serment<\/strong>\u00a0des\u00a0<strong>nouveaux ministres<\/strong>.<\/p>\n<p>De plus, il ajoutait que les pouvoirs constitutionnels \u00e9taient clairs, et que la tenue de cette c\u00e9r\u00e9monie se r\u00e9sumait \u00e0 une \u00ab question de temps \u00bb.<\/p>\n<p>\u00ab Il est temps de faire le n\u00e9cessaire pour permettre aux nouveaux ministres d\u2019exercer leurs fonctions. Mais aussi de se concentrer sur ce qui pr\u00e9occupe les Tunisiens; \u00e0 l\u2019instar de la situation sanitaire et \u00e9conomique \u00bb. C\u2019est ce qu\u2019il d\u00e9clarait lundi 1<sup>er<\/sup>\u00a0f\u00e9vrier 2021, sur les ondes de\u00a0<em>Jawhara fm<\/em>.<\/p>\n<p>Et d\u2019arguer: \u00ab On ne peut plus maintenir des minist\u00e8res sensibles sans ministres, la situation du pays ne le permet pas. \u00bb<\/p>\n<h2>Hichem Mechichi pourrait avoir un Plan B<\/h2>\n<p>Mais que faire si le Pr\u00e9sident s\u2019obstinait dans son refus, bloquant ainsi la prise de fonction de la nouvelle \u00e9quipe gouvernementale? Y a-t-il un plan B pour sortir de cette crise institutionnelle et constitutionnelle?<\/p>\n<p>Oui, cela est possible par une entourloupette \u00ab technique \u00bb. Tout d\u2019abord, il s\u2019agirait de limoger les 11 anciens ministres par d\u00e9cret. Puis de les remplacer\u00a0<em>illico\u00a0<\/em>par les nouveaux ministres. Et ce, en invoquant la vacance des postes sensibles et l\u2019urgence de la situation sanitaire et \u00e9conomique.<\/p>\n<p>C\u2019est certainement prendre des libert\u00e9s avec l\u2019esprit de la Constitution. Mais ce sc\u00e9nario est jouable de l\u2019avis de plusieurs observateurs politiques.<\/p>\n<\/div>\n<footer>\n<div class=\"td-post-source-tags\">\n<ul class=\"td-tags td-post-small-box clearfix\">\n<li>Leconomistemaghrebin<\/li>\n<\/ul>\n<\/div>\n<\/footer>\n<div class=\"wp-post-author-wrap wp-post-author-shortcode left\">\n<h3 class=\"awpa-title\"\/>\n<div class=\"wp-post-author\">\n<div class=\"awpa-img awpa-author-block square\"><a href=\"http:\/\/lexpertjournal.net\/fr\/?author=5\"><img loading=\"lazy\" decoding=\"async\" alt=\"\" src=\"http:\/\/0.gravatar.com\/avatar\/97f8e10a1c1125ba104a76514ee07b16?s=150&amp;d=mm&amp;r=g\" srcset=\"http:\/\/0.gravatar.com\/avatar\/97f8e10a1c1125ba104a76514ee07b16?s=300&amp;d=mm&amp;r=g 2x\" class=\"avatar avatar-150 photo\" height=\"150\" width=\"150\"\/><\/a><\/div>\n<\/div>\n<\/div>\n<aside class=\"mashsb-container mashsb-main mashsb-stretched\">\n<\/aside>\n<p>Auteur: L&rsquo;expert<br \/>\n<a href=\"http:\/\/lexpertjournal.net\/fr\/?p=18414\">Cliquez ici pour lire l&rsquo;article depuis sa source.<\/a><\/p>\n","protected":false},"excerpt":{"rendered":"<p>Face au cr\u00e9do pr\u00e9sidentiel selon lequel \u00ab les personnes suspect\u00e9es d\u2019\u00eatre impliqu\u00e9es dans des affaires de conflit d\u2019int\u00e9r\u00eats ne pourront pas pr\u00eater serment \u00bb, Hichem Mechichi se montre confiant. Et ce quant \u00e0 la tenue de la c\u00e9r\u00e9monie de prestation de serment des nouveaux ministres, qui ne saurait tarder. Alors, disposerait-il d\u2019un plan de rechange [&hellip;]<\/p>\n","protected":false},"author":1775,"featured_media":0,"comment_status":"closed","ping_status":"closed","sticky":false,"template":"","format":"standard","meta":{"fifu_image_url":"http:\/\/0.gravatar.com\/avatar\/97f8e10a1c1125ba104a76514ee07b16?s=150&d=mm&r=g","fifu_image_alt":"Un plan B pour contourner le v\u00e9to pr\u00e9sidentiel ?","footnotes":""},"categories":[78,55],"tags":[],"class_list":["post-110439","post","type-post","status-publish","format-standard","hentry","category-economie","category-tunisie"],"_links":{"self":[{"href":"https:\/\/linitiative.ca\/International\/wp-json\/wp\/v2\/posts\/110439","targetHints":{"allow":["GET"]}}],"collection":[{"href":"https:\/\/linitiative.ca\/International\/wp-json\/wp\/v2\/posts"}],"about":[{"href":"https:\/\/linitiative.ca\/International\/wp-json\/wp\/v2\/types\/post"}],"author":[{"embeddable":true,"href":"https:\/\/linitiative.ca\/International\/wp-json\/wp\/v2\/users\/1775"}],"replies":[{"embeddable":true,"href":"https:\/\/linitiative.ca\/International\/wp-json\/wp\/v2\/comments?post=110439"}],"version-history":[{"count":0,"href":"https:\/\/linitiative.ca\/International\/wp-json\/wp\/v2\/posts\/110439\/revisions"}],"wp:attachment":[{"href":"https:\/\/linitiative.ca\/International\/wp-json\/wp\/v2\/media?parent=110439"}],"wp:term":[{"taxonomy":"category","embeddable":true,"href":"https:\/\/linitiative.ca\/International\/wp-json\/wp\/v2\/categories?post=110439"},{"taxonomy":"post_tag","embeddable":true,"href":"https:\/\/linitiative.ca\/International\/wp-json\/wp\/v2\/tags?post=110439"}],"curies":[{"name":"wp","href":"https:\/\/api.w.org\/{rel}","templated":true}]}}