{"id":110440,"date":"2021-02-02T04:30:00","date_gmt":"2021-02-02T09:30:00","guid":{"rendered":"https:\/\/linitiative.ca\/International\/actualise-walid-nekkiche-quitte-la-prison\/"},"modified":"2021-02-02T04:30:00","modified_gmt":"2021-02-02T09:30:00","slug":"actualise-walid-nekkiche-quitte-la-prison","status":"publish","type":"post","link":"https:\/\/linitiative.ca\/International\/actualise-walid-nekkiche-quitte-la-prison\/","title":{"rendered":"[Actualis\u00e9] Walid Nekkiche quitte la prison"},"content":{"rendered":"<div id=\"originalText\" readability=\"70\">\n<p>Le jeune \u00e9tudiant Walid Nekkiche, en d\u00e9tention provisoire \u00e0 la prison d\u2019El Harrach, depuis fin\u00a0novembre 2019, a \u00e9t\u00e9 condamn\u00e9, tard dans la soir\u00e9e de lundi \u00e0 mardi, \u00e0 six mois de prison ferme, par le tribunal de Dar El Beida. Il quitte ainsi la prison apr\u00e8s 14 mois de r\u00e9clusion.\u00a0<span class=\"c6\">Le parquet avait requis\u00a0 la\u00a0perp\u00e9tuit\u00e9.\u00a0<\/span><\/p>\n<p class=\"c7\">Le militant et activiste du Hirak \u00e9tait\u00a0accus\u00e9 d\u2019 \u00ab\u00a0appartenance au Mouvement pour l&rsquo;autonomie de la Kabylie (MAK)\u00a0\u00bb , \u00ab\u00a0atteinte a\u0300 l\u2019unite\u0301 nationale\u00a0\u00bb, \u00ab\u00a0publications visant a\u0300 porter atteinte a\u0300 l\u2019inte\u0301re\u0302t national\u00a0\u00bb, \u00ab incitation \u00e0 attroupement arm\u00e9e\u00a0\u00bb et \u00ab\u00a0organisation secre\u0300te de correspondances a\u0300 distance susceptibles de porter atteinte a\u0300 la de\u0301fense nationale\u00a0\u00bb.\u00a0<\/p>\n<p class=\"c7\">Pour rappel, Walid Nekkiche a \u00e9t\u00e9 arr\u00eat\u00e9 le 26 novembre 2019, \u00e0 la Place des Martyrs, \u00e0 Alger, alors qu\u2019il filmait la marche des \u00e9tudiants avec son t\u00e9l\u00e9phone. Il a \u00e9t\u00e9 ensuite maintenu en garde \u00e0 vue, pendant une semaine, \u00e0 la direction g\u00e9n\u00e9rale de la s\u00e9curit\u00e9 int\u00e9rieure (DGSI), \u00e0 Ben Aknoun, sur les hauteurs Alger.<\/p>\n<p class=\"c7\">Le jeune militant a affirm\u00e9, lors du proc\u00e8s, qu\u2019il a fait l&rsquo;objet d&rsquo;\u00a0\u00ab agression sexuelle\u00bb,\u00a0 de\u00a0\u00ab\u00a0 menaces \u00bb et de \u00ab\u00a0torture\u00a0\u00bb par des agents de la s\u00e9curit\u00e9 int\u00e9rieure (DGSI), pendant sa garde \u00e0 vue. La d\u00e9fense a exig\u00e9 l&rsquo;ouverture d&rsquo;une enqu\u00eate.\u00a0\u00a0<\/p>\n<p class=\"c9\"><strong class=\"c8\">Kenza SIFI<\/strong><\/p>\n<\/div>\n<div id=\"text_core\" readability=\"70\">\n<p>Le jeune \u00e9tudiant Walid Nekkiche, en d\u00e9tention provisoire \u00e0 la prison d\u2019El Harrach, depuis fin\u00a0novembre 2019, a \u00e9t\u00e9 condamn\u00e9, tard dans la soir\u00e9e de lundi \u00e0 mardi, \u00e0 six mois de prison ferme, par le tribunal de Dar El Beida. Il quitte ainsi la prison apr\u00e8s 14 mois de r\u00e9clusion.\u00a0<span class=\"c6\">Le parquet avait requis\u00a0 la\u00a0perp\u00e9tuit\u00e9.\u00a0<\/span><\/p>\n<p class=\"c7\">Le militant et activiste du Hirak \u00e9tait\u00a0accus\u00e9 d\u2019 \u00ab\u00a0appartenance au Mouvement pour l&rsquo;autonomie de la Kabylie (MAK)\u00a0\u00bb , \u00ab\u00a0atteinte a\u0300 l\u2019unite\u0301 nationale\u00a0\u00bb, \u00ab\u00a0publications visant a\u0300 porter atteinte a\u0300 l\u2019inte\u0301re\u0302t national\u00a0\u00bb, \u00ab incitation \u00e0 attroupement arm\u00e9e\u00a0\u00bb et \u00ab\u00a0organisation secre\u0300te de correspondances a\u0300 distance susceptibles de porter atteinte a\u0300 la de\u0301fense nationale\u00a0\u00bb.\u00a0<\/p>\n<p class=\"c7\">Pour rappel, Walid Nekkiche a \u00e9t\u00e9 arr\u00eat\u00e9 le 26 novembre 2019, \u00e0 la Place des Martyrs, \u00e0 Alger, alors qu\u2019il filmait la marche des \u00e9tudiants avec son t\u00e9l\u00e9phone. Il a \u00e9t\u00e9 ensuite maintenu en garde \u00e0 vue, pendant une semaine, \u00e0 la direction g\u00e9n\u00e9rale de la s\u00e9curit\u00e9 int\u00e9rieure (DGSI), \u00e0 Ben Aknoun, sur les hauteurs Alger.<\/p>\n<p class=\"c7\">Le jeune militant a affirm\u00e9, lors du proc\u00e8s, qu\u2019il a fait l&rsquo;objet d&rsquo;\u00a0\u00ab agression sexuelle\u00bb,\u00a0 de\u00a0\u00ab\u00a0 menaces \u00bb et de \u00ab\u00a0torture\u00a0\u00bb par des agents de la s\u00e9curit\u00e9 int\u00e9rieure (DGSI), pendant sa garde \u00e0 vue. La d\u00e9fense a exig\u00e9 l&rsquo;ouverture d&rsquo;une enqu\u00eate.\u00a0\u00a0<\/p>\n<p class=\"c9\"><strong class=\"c8\">Kenza SIFI<\/strong><\/p>\n<\/div>\n<p>Auteur:<br \/>\n<a href=\"https:\/\/www.liberte-algerie.com\/actualite\/actualise-walid-nekkiche-quitte-la-prison-353404\">Cliquez ici pour lire l&rsquo;article depuis sa source.<\/a><\/p>\n","protected":false},"excerpt":{"rendered":"<p>Le jeune \u00e9tudiant Walid Nekkiche, en d\u00e9tention provisoire \u00e0 la prison d\u2019El Harrach, depuis fin\u00a0novembre 2019, a \u00e9t\u00e9 condamn\u00e9, tard dans la soir\u00e9e de lundi \u00e0 mardi, \u00e0 six mois de prison ferme, par le tribunal de Dar El Beida. Il quitte ainsi la prison apr\u00e8s 14 mois de r\u00e9clusion.\u00a0Le parquet avait requis\u00a0 la\u00a0perp\u00e9tuit\u00e9.\u00a0 Le [&hellip;]<\/p>\n","protected":false},"author":1742,"featured_media":0,"comment_status":"closed","ping_status":"closed","sticky":false,"template":"","format":"standard","meta":{"fifu_image_url":"","fifu_image_alt":"","footnotes":""},"categories":[73,53],"tags":[],"class_list":["post-110440","post","type-post","status-publish","format-standard","hentry","category-actualite","category-algerie"],"_links":{"self":[{"href":"https:\/\/linitiative.ca\/International\/wp-json\/wp\/v2\/posts\/110440","targetHints":{"allow":["GET"]}}],"collection":[{"href":"https:\/\/linitiative.ca\/International\/wp-json\/wp\/v2\/posts"}],"about":[{"href":"https:\/\/linitiative.ca\/International\/wp-json\/wp\/v2\/types\/post"}],"author":[{"embeddable":true,"href":"https:\/\/linitiative.ca\/International\/wp-json\/wp\/v2\/users\/1742"}],"replies":[{"embeddable":true,"href":"https:\/\/linitiative.ca\/International\/wp-json\/wp\/v2\/comments?post=110440"}],"version-history":[{"count":0,"href":"https:\/\/linitiative.ca\/International\/wp-json\/wp\/v2\/posts\/110440\/revisions"}],"wp:attachment":[{"href":"https:\/\/linitiative.ca\/International\/wp-json\/wp\/v2\/media?parent=110440"}],"wp:term":[{"taxonomy":"category","embeddable":true,"href":"https:\/\/linitiative.ca\/International\/wp-json\/wp\/v2\/categories?post=110440"},{"taxonomy":"post_tag","embeddable":true,"href":"https:\/\/linitiative.ca\/International\/wp-json\/wp\/v2\/tags?post=110440"}],"curies":[{"name":"wp","href":"https:\/\/api.w.org\/{rel}","templated":true}]}}