{"id":110441,"date":"2021-02-02T13:55:03","date_gmt":"2021-02-02T18:55:03","guid":{"rendered":"https:\/\/linitiative.ca\/International\/session-extraordinaire-du-conseil-regional-de-loriental\/"},"modified":"2021-02-02T13:55:03","modified_gmt":"2021-02-02T18:55:03","slug":"session-extraordinaire-du-conseil-regional-de-loriental","status":"publish","type":"post","link":"https:\/\/linitiative.ca\/International\/session-extraordinaire-du-conseil-regional-de-loriental\/","title":{"rendered":"Session extraordinaire du Conseil r\u00e9gional de l\u2019Oriental"},"content":{"rendered":"<p class=\"c4\">Le Conseil de la r\u00e9gion de l\u2019Oriental (CRO) tiendra, jeudi, une session extraordinaire consacr\u00e9e \u00e0 la pr\u00e9sentation du projet d\u2019\u00e9laboration du sch\u00e9ma r\u00e9gional d\u2019am\u00e9nagement du territoire (SRAT), et \u00e0 l\u2019examen et l\u2019adoption de plusieurs projets de conventions de partenariat.<\/p>\n<p class=\"c4\">Ces conventions ont pour objectifs notamment l\u2019encouragement de l\u2019investissement et de l\u2019entrepreneuriat, l\u2019appui \u00e0 l\u2019emploi des jeunes, la promotion des secteurs de la sant\u00e9 et du sport, la valorisation des produits de terroir, le renforcement de l\u2019offre de l\u2019enseignement sup\u00e9rieur et la pr\u00e9servation de l\u2019environnement.<\/p>\n<p class=\"c4\">Les discussions des membres du conseil porteront ainsi sur des projets de conventions relatives \u00e0 la cr\u00e9ation de quatre unit\u00e9s industrielles (d\u00e9corticage des crevettes et traitement des d\u00e9chets textiles), la cr\u00e9ation d\u2019une usine de fabrication de pi\u00e8ces automobiles dans la technopole d\u2019Oujda, en sus de l\u2019accompagnement des petites entreprises et des auto-entrepreneurs de la r\u00e9gion dans le cadre du programme \u00abIntelaka\u00bb.<\/p>\n<p class=\"c4\">Les d\u00e9bats seront ax\u00e9s \u00e9galement sur l\u2019appui \u00e0 l\u2019insertion des jeunes dans les bassins d\u2019emploi en dehors de la r\u00e9gion de l\u2019Oriental et l\u2019acquisition de certains \u00e9quipements pour les h\u00f4pitaux et les centres de sant\u00e9 de la r\u00e9gion.<\/p>\n<p class=\"c4\">Les autres conventions de partenariat concernent le domaine du sport (cyclisme, athl\u00e9tisme et p\u00e9tanque), le financement et l\u2019ex\u00e9cution de projets d\u2019auto-emploi dans la province de Figuig, la valorisation des produits locaux dont jouit la r\u00e9gion et de la fili\u00e8re de production du lait dans deux communes de la province de Jerada.<\/p>\n<p class=\"c4\">Le Conseil examinera aussi pour approbation du projet d\u2019amendement d\u2019une convention de partenariat liant le CRO l\u2019Universit\u00e9 Mohammed Premier (UMP) pour promouvoir l\u2019offre universitaire dans la r\u00e9gion, en plus de l\u2019amendement d\u2019autres conventions de partenariat portant sur la construction d\u2019une \u00e9cole sup\u00e9rieur de technologie et d\u2019une \u00e9cole sup\u00e9rieure des sciences de l\u2019ing\u00e9nierie \u00e0 Nador, la cr\u00e9ation de la Maison de l\u2019Afrique \u00e0 l\u2019UMP ainsi que le renforcement de l\u2019investissement et de l\u2019attractivit\u00e9 de la r\u00e9gion.<\/p>\n<p class=\"c4\">Des projets d\u2019amendement concernent par ailleurs des conventions de partenariat pour la r\u00e9alisation et l\u2019\u00e9quipement d\u2019un h\u00f4pital provincial \u00e0 Nador, l\u2019appui \u00e0 l\u2019investissement et la cr\u00e9ation de postes d\u2019emploi, en sus du cahier des charges r\u00e9gissant le soutien des petites entreprises et des auto-entrepreneurs dans le cadre du Programme \u00abIntelaka\u00bb.<\/p>\n<p class=\"c4\">Un m\u00e9morandum d\u2019entente entre le CRO, le conseil r\u00e9gional de Tombouctou au Mali et l\u2019Agence de d\u00e9veloppement de l\u2019Oriental pour le renforcement des relations culturelles entre la r\u00e9gion de l\u2019Oriental et la r\u00e9gion de Tombouctou, figure \u00e9galement \u00e0 l\u2019ordre du jour de cette session extraordinaire.<\/p>\n<p>Auteur: Soufiane ELAHMAR<br \/>\n<a href=\"http:\/\/www.mapoujda.ma\/fr\/session-extraordinaire-du-conseil-regional-de-loriental\/\">Cliquez ici pour lire l&rsquo;article depuis sa source.<\/a><\/p>\n","protected":false},"excerpt":{"rendered":"<p>Le Conseil de la r\u00e9gion de l\u2019Oriental (CRO) tiendra, jeudi, une session extraordinaire consacr\u00e9e \u00e0 la pr\u00e9sentation du projet d\u2019\u00e9laboration du sch\u00e9ma r\u00e9gional d\u2019am\u00e9nagement du territoire (SRAT), et \u00e0 l\u2019examen et l\u2019adoption de plusieurs projets de conventions de partenariat. Ces conventions ont pour objectifs notamment l\u2019encouragement de l\u2019investissement et de l\u2019entrepreneuriat, l\u2019appui \u00e0 l\u2019emploi des [&hellip;]<\/p>\n","protected":false},"author":1788,"featured_media":0,"comment_status":"closed","ping_status":"closed","sticky":false,"template":"","format":"standard","meta":{"fifu_image_url":"","fifu_image_alt":"","footnotes":""},"categories":[54,76],"tags":[],"class_list":["post-110441","post","type-post","status-publish","format-standard","hentry","category-maroc","category-regions"],"_links":{"self":[{"href":"https:\/\/linitiative.ca\/International\/wp-json\/wp\/v2\/posts\/110441","targetHints":{"allow":["GET"]}}],"collection":[{"href":"https:\/\/linitiative.ca\/International\/wp-json\/wp\/v2\/posts"}],"about":[{"href":"https:\/\/linitiative.ca\/International\/wp-json\/wp\/v2\/types\/post"}],"author":[{"embeddable":true,"href":"https:\/\/linitiative.ca\/International\/wp-json\/wp\/v2\/users\/1788"}],"replies":[{"embeddable":true,"href":"https:\/\/linitiative.ca\/International\/wp-json\/wp\/v2\/comments?post=110441"}],"version-history":[{"count":0,"href":"https:\/\/linitiative.ca\/International\/wp-json\/wp\/v2\/posts\/110441\/revisions"}],"wp:attachment":[{"href":"https:\/\/linitiative.ca\/International\/wp-json\/wp\/v2\/media?parent=110441"}],"wp:term":[{"taxonomy":"category","embeddable":true,"href":"https:\/\/linitiative.ca\/International\/wp-json\/wp\/v2\/categories?post=110441"},{"taxonomy":"post_tag","embeddable":true,"href":"https:\/\/linitiative.ca\/International\/wp-json\/wp\/v2\/tags?post=110441"}],"curies":[{"name":"wp","href":"https:\/\/api.w.org\/{rel}","templated":true}]}}