{"id":110448,"date":"2021-02-02T11:00:00","date_gmt":"2021-02-02T16:00:00","guid":{"rendered":"https:\/\/linitiative.ca\/International\/une-edition-de-tous-les-defis\/"},"modified":"2021-02-02T11:00:00","modified_gmt":"2021-02-02T16:00:00","slug":"une-edition-de-tous-les-defis","status":"publish","type":"post","link":"https:\/\/linitiative.ca\/International\/une-edition-de-tous-les-defis\/","title":{"rendered":"Une \u00e9dition de tous les d\u00e9fis !"},"content":{"rendered":"<p class=\"p1 c5\"><span class=\"c4\"><span class=\"c3\"><span class=\"s1 c2\"><strong>Le Temps \u2013 Lamia CHERIF<\/strong><\/span><\/span><\/span><\/p>\n<p class=\"p1 c5\"><span class=\"c4\"><span class=\"c3\"><strong>Une conf\u00e9rence de presse a eu lieu \u00e0 la Cit\u00e9 de la Culture \u00e0 Tunis au cours de laquelle le comit\u00e9 d\u2019organisation du festival pr\u00e9sid\u00e9 par Imed Alibi, a pr\u00e9sent\u00e9 les grandes lignes de la 56<\/strong><span class=\"s2 c6\"><strong>\u00e8me<\/strong><\/span> <strong>\u00e9dition du festival de Carthage.<span class=\"Apple-converted-space\">\u00a0<\/span><\/strong><\/span><\/span><\/p>\n<p class=\"p1 c7\"><span class=\"c4\"><span class=\"c3\">Une \u00e9dition qui esp\u00e8re offrir davantage de visibilit\u00e9 pour cette manifestation artistique annuelle et un meilleur positionnement sur la carte mondiale des festivals, en mettant en place une programmation en harmonie avec les grandes orientations de la politique culturelle dans le pays.<\/span><\/span><\/p>\n<p class=\"p1 c7\"><span class=\"c4\"><span class=\"c3\">Le temps accord\u00e9 pour l\u2019organisation de cette 56\u00e8me \u00e9dition, s\u2019est vu allong\u00e9 de par la situation sanitaire ; ce qui a permis \u00e0 l\u2019\u00e9quipe d\u2019\u00e9largir ses ambitions et de travailler sur les archives et leur num\u00e9risation.<span class=\"Apple-converted-space\">\u00a0<\/span> \u00ab Carthage THEN AND NOW \u00bb et la plateforme \u201c<a href=\"http:\/\/www.mediafic.tn%E2%80%9D\">www.mediafic.tn\u201d<\/a> des archives du festival sont<span class=\"Apple-converted-space\">\u00a0<\/span> \u00e0 l\u2019honneur ainsi que le projet documentaire \u201cCarthage stories\u201d qui retrace l\u2019histoire du festival depuis sa cr\u00e9ation en 1964.<span class=\"Apple-converted-space\">\u00a0<\/span><\/span><\/span><\/p>\n<p class=\"p1 c7\"><span class=\"c4\"><span class=\"c3\">Le festival international de Carthage se lance dans la production de 3 cr\u00e9ations in\u00e9dites sp\u00e9cialement cr\u00e9\u00e9es pour cette session. Des projets qui tissent des liens interg\u00e9n\u00e9rationnels, qui explorent des pistes nouvelles ou qui se donnent \u00e0 un regard contemporain pour red\u00e9finir ses contours.<\/span><\/span><\/p>\n<p class=\"p1 c7\"><span class=\"c4\"><span class=\"c3\">\u00abCette session du festival comprend diff\u00e9rents styles musicaux tels que le jazz, la musique classique et la musique du monde, en plus des projets artistiques tunisiens qui pr\u00e9sentent des cr\u00e9ations tunisiennes originales et nouvelles\u00bb, a d\u00e9clar\u00e9 Imad Alibi, directeur artistique de la 56e session du Festival international de Carthage.<\/span><\/span><\/p>\n<p class=\"p1 c7\"><span class=\"c4\"><span class=\"c3\">Le retour de Habouba sera un \u00e9v\u00e9nement marquant. Le roi de la pop tunisienne, grand ma\u00eetre de la sc\u00e8ne et des rythmes sera accompagn\u00e9 du regard frais du jeune musicien Nassreddine Chebli.<\/span><\/span><\/p>\n<p class=\"p1 c7\"><span class=\"c4\"><span class=\"c3\"><span class=\"Apple-converted-space\">\u00a0<\/span>\u00ab Bhar Essoufiya \u00bb, le projet qui r\u00e9unit la grande Nabiha Karaouli au compositeur Adel Bondka, est une exploration d\u2019un univers soufi, des voies nouvelles qui s\u2019ouvrent dans une longue et riche carri\u00e8re.<\/span><\/span><\/p>\n<p class=\"p1 c7\"><span class=\"c4\"><span class=\"c3\">LE FIC coproduit aussi \u2026 \u00ab Diwan Rmal \u00bb avec le Centre des arts dramatiques de Tataouine. Une id\u00e9e et sc\u00e9nario de Ali Yahyaoui mise en sc\u00e8ne de Lassaad Ben Abdallah.<span class=\"Apple-converted-space\">\u00a0<\/span> Une fresque tout en rythmes et voix pour raconter la culture du d\u00e9sert, la m\u00e9moire et l\u2019imaginaire.<\/span><\/span><\/p>\n<p class=\"p1 c7\"><span class=\"c4\"><span class=\"c3\">Mais en attendant l\u2019\u00e9t\u00e9, le FIC pr\u00e9sentera un pr\u00e9festival au mois de mai. Il s\u2019agit de la Nuit des \u00e9toiles les 20 \/21\/22 mai avec Essia Jaibi et Selim Ben Safia.<\/span><\/span><\/p>\n<p class=\"p1 c7\"><span class=\"c4\"><span class=\"c3\">Un hommage sera rendu \u00e0 l&rsquo;Italien Ennio Morricone (10 novembre 1928-6 juillet 2020), une l\u00e9gende de la musique italienne qui \u00e9tait compositeur, chef d&rsquo;orchestre et producteur.<\/span><\/span><\/p>\n<p class=\"p1 c7\"><span class=\"c4\"><span class=\"c3\">L&rsquo;amphith\u00e9\u00e2tre romain de Carthage abritera le 21 mai un concert tuniso-italien de l&rsquo;orchestre symphonique Luigi Cherubini de l&rsquo;Institut sup\u00e9rieur d&rsquo;\u00e9tudes musicales (Florence) et l&rsquo;orchestre symphonique tunisien (OST).<\/span><\/span><\/p>\n<p class=\"p1 c7\"><span class=\"c4\"><span class=\"c3\">Ce concert plac\u00e9 sous la direction du maestro Paolo Ponziano Ciardi verra la participation de plus de 120 musiciens et une chorale de Tunisie et de l&rsquo;Institut florentin.<\/span><\/span><\/p>\n<p class=\"p1 c7\"><span class=\"c4\"><span class=\"c3\">Le public aura \u00e9galement rendez-vous avec de la musique Fado dans un spectacle de la Portugaise Sara Correia qui se produira le 22 mai \u00e0 la Cit\u00e9 de la Culture.<\/span><\/span><\/p>\n<p class=\"p1 c7\"><span class=\"c4\"><span class=\"c3\">Assistera \u00e9galement \u00e0 la c\u00e9r\u00e9monie Andrea Morriconi, fils de la l\u00e9gende d\u00e9c\u00e9d\u00e9e Ennio Morriconi, qui est \u00e9galement compositeur, accompagn\u00e9 de plusieurs musiciens qui ont travaill\u00e9 avec son p\u00e8re et ont fait partie de son orchestre.<\/span><\/span><\/p>\n<p class=\"p1 c7\"><span class=\"c4\"><span class=\"c3\">La c\u00e9r\u00e9monie sera \u00e9galement suivie par un certain nombre de repr\u00e9sentants de la presse italienne, et \u00ab\u00a0Imad Alibi\u00a0\u00bb a consid\u00e9r\u00e9 cela comme un signe positif dans ce que l&rsquo;on appelle le tourisme culturel<\/span><\/span><\/p>\n<p class=\"p1 c7\"><span class=\"c4\"><span class=\"c3\">Quant au deuxi\u00e8me spectacle \u00e0 la porte de la coop\u00e9ration internationale, ce sera avec la soir\u00e9e Fado de Sarah Correa du Portugal, qui chantera de sa voix unique dans la nuit du 22 mai 2021 au Th\u00e9\u00e2tre de l&rsquo;Op\u00e9ra de la Cit\u00e9 de la Culture.<\/span><\/span><\/p>\n<p class=\"p1 c7\"><span class=\"c4\"><span class=\"c3\">Le FIC a choisi pour sa 56\u00e8me \u00e9dition de miser sur une programmation tunisienne et internationale incluant des styles diff\u00e9rents tels que le jazz, le classique, la musique du monde, la pop \u2026 Via les repr\u00e9sentations diplomatiques (ambassades, centres culturels, institutions internationales\u2026) , le FIC vise \u00e0 enrichir sa programmation \u00e0 travers la coop\u00e9ration internationale afin d\u2019\u00e9tablir des liens sud sud et entre les deux rives pour placer le festival dans la carte mondiale des festivals internationaux. Ces collaborations ont commenc\u00e9 depuis un an et demi, un temps pr\u00e9cieux qui a permis \u00e0 l\u2019\u00e9quipe de consolider ses relations et de proposer des artistes en accord avec la ligne \u00e9ditoriale de la 56\u00e8me \u00e9dition.<span class=\"Apple-converted-space\">\u00a0<\/span><\/span><\/span><\/p>\n<p class=\"p1 c7\"><span class=\"c4\"><span class=\"c3\">FIC plateforme des arts de la sc\u00e8ne Fid\u00e8le \u00e0 sa tradition, le FIC est aussi un lieu pour les arts de la sc\u00e8ne. Des productions nationales et internationales de th\u00e9\u00e2tre et de danse. Ces productions vont permettre une ouverture sur des expressions diff\u00e9rentes et contribuer \u00e0 un r\u00e9el \u00e9quilibre de la programmation entre musique, th\u00e9\u00e2tre, danse, com\u00e9die musicale\u2026<\/span><\/span><\/p>\n<p class=\"p1 c5\">\u00a0<\/p>\n<p class=\"p2 c8\"><span class=\"c4\"><span class=\"c3\"><strong>L.C<\/strong><\/span><\/span><\/p>\n<p>Auteur: letemps1<br \/>\n<a href=\"http:\/\/www.letemps.com.tn\/article\/119092\/une-%C3%A9dition-de-tous-les-d%C3%A9fis\">Cliquez ici pour lire l&rsquo;article depuis sa source.<\/a><\/p>\n","protected":false},"excerpt":{"rendered":"<p>Le Temps \u2013 Lamia CHERIF Une conf\u00e9rence de presse a eu lieu \u00e0 la Cit\u00e9 de la Culture \u00e0 Tunis au cours de laquelle le comit\u00e9 d\u2019organisation du festival pr\u00e9sid\u00e9 par Imed Alibi, a pr\u00e9sent\u00e9 les grandes lignes de la 56\u00e8me \u00e9dition du festival de Carthage.\u00a0 Une \u00e9dition qui esp\u00e8re offrir davantage de visibilit\u00e9 pour [&hellip;]<\/p>\n","protected":false},"author":1773,"featured_media":0,"comment_status":"closed","ping_status":"closed","sticky":false,"template":"","format":"standard","meta":{"fifu_image_url":"","fifu_image_alt":"","footnotes":""},"categories":[73,55],"tags":[],"class_list":["post-110448","post","type-post","status-publish","format-standard","hentry","category-actualite","category-tunisie"],"_links":{"self":[{"href":"https:\/\/linitiative.ca\/International\/wp-json\/wp\/v2\/posts\/110448","targetHints":{"allow":["GET"]}}],"collection":[{"href":"https:\/\/linitiative.ca\/International\/wp-json\/wp\/v2\/posts"}],"about":[{"href":"https:\/\/linitiative.ca\/International\/wp-json\/wp\/v2\/types\/post"}],"author":[{"embeddable":true,"href":"https:\/\/linitiative.ca\/International\/wp-json\/wp\/v2\/users\/1773"}],"replies":[{"embeddable":true,"href":"https:\/\/linitiative.ca\/International\/wp-json\/wp\/v2\/comments?post=110448"}],"version-history":[{"count":0,"href":"https:\/\/linitiative.ca\/International\/wp-json\/wp\/v2\/posts\/110448\/revisions"}],"wp:attachment":[{"href":"https:\/\/linitiative.ca\/International\/wp-json\/wp\/v2\/media?parent=110448"}],"wp:term":[{"taxonomy":"category","embeddable":true,"href":"https:\/\/linitiative.ca\/International\/wp-json\/wp\/v2\/categories?post=110448"},{"taxonomy":"post_tag","embeddable":true,"href":"https:\/\/linitiative.ca\/International\/wp-json\/wp\/v2\/tags?post=110448"}],"curies":[{"name":"wp","href":"https:\/\/api.w.org\/{rel}","templated":true}]}}