{"id":110449,"date":"2021-02-02T11:00:00","date_gmt":"2021-02-02T16:00:00","guid":{"rendered":"https:\/\/linitiative.ca\/International\/son-seul-profit-la-planitude\/"},"modified":"2021-02-02T11:00:00","modified_gmt":"2021-02-02T16:00:00","slug":"son-seul-profit-la-planitude","status":"publish","type":"post","link":"https:\/\/linitiative.ca\/International\/son-seul-profit-la-planitude\/","title":{"rendered":"Son seul \u00abProfit\u00bb : la planitude !"},"content":{"rendered":"<p class=\"p1 c5\"><span class=\"c4\"><span class=\"c3\"><span class=\"s1 c2\"><strong>Le Temps- Zouhour HARBAOUI<\/strong><\/span><\/span><\/span><\/p>\n<p class=\"p1 c5\"><span class=\"c4\"><span class=\"c3\"><strong>\u00abUn adieu\u00bb, le court m\u00e9trage de Mathilde Profit, en comp\u00e9tition pour le festival myfrenchfilmfestival, organis\u00e9 depuis onze \u00e9ditions par UniFrance, n&rsquo;a l&rsquo;avantage que de sa planitude&#8230;<\/strong><\/span><\/span><\/p>\n<p class=\"p1 c6\"><span class=\"c4\"><span class=\"c3\">A l&rsquo;occasion de myfrenchfilmfestival, organis\u00e9, par UniFrance, depuis le 15 janvier, et ce, jusqu&rsquo;au 15 f\u00e9vrier, nous avons pu visionner une vingtaine de courts et de longs m\u00e9trages fran\u00e7ais ou francophones (belges), en comp\u00e9tition. Parmi les courts, il y a celui de Mathilde Profit, \u00e0 savoir \u00abUn adieu\u00bb, que nous avons trouv\u00e9 insipide et plat.<\/span><\/span><\/p>\n<p class=\"p1 c6\"><span class=\"c4\"><span class=\"c3\">\u00abUn adieu\u00bb relate, en 25 minutes, l&rsquo;installation \u00e0 Paris d&rsquo;une jeune fille de 18 ans, qui, ayant obtenu son bac, a \u00e9t\u00e9 accept\u00e9e dans une \u00e9cole d&rsquo;art. Accompagn\u00e9e de son p\u00e8re, veuf, elle s&rsquo;installe dans une minuscule chambre de bonne.<\/span><\/span><\/p>\n<p class=\"p1 c6\"><span class=\"c4\"><span class=\"c3\">Ce qui marque dans ce court m\u00e9trage, c&rsquo;est la planitude non seulement du r\u00e9cit, de la r\u00e9alisation, que suit un montage sans n\u0153ud, ni cassure, de la direction d&rsquo;acteurs, cela en devient soporifique ; tellement soporifique que 25 minutes deviennent une \u00e9ternit\u00e9. Pourtant le sujet \u00e9tait plut\u00f4t int\u00e9ressant : l\u2019installation dans une grande ville d&rsquo;une jeune fille, venant, apparemment d&rsquo;une petite ville, qui doit quitter sa vie d&rsquo;avec son p\u00e8re pour commencer la sienne et savoir couper le cordon ombilical.<span class=\"Apple-converted-space\">\u00a0<\/span><\/span><\/span><\/p>\n<p class=\"p1 c6\"><span class=\"c4\"><span class=\"c3\">Mais voil\u00e0, la r\u00e9alisatrice ne profite pas de son sujet et fr\u00f4le m\u00eame l&rsquo;inceste, dans une s\u00e9quence, o\u00f9 le p\u00e8re dort sur le sol et sa fille sur le lit. Elle se penche et va pour l&#8217;embrasser sur la bouche. Un mouvement paternel l&#8217;emp\u00eache de passer \u00e0 l&rsquo;acte.<span class=\"Apple-converted-space\">\u00a0<\/span><\/span><\/span><\/p>\n<p class=\"p1 c6\"><span class=\"c4\"><span class=\"c3\">Leur seul plan qui peut provoquer une r\u00e9flexion est celle o\u00f9 la voiture du p\u00e8re, retournant chez lui, arrive \u00e0 une intersection et que deux voies s&rsquo;offrent \u00e0 lui. Puis, c&rsquo;est tout.<\/span><\/span><\/p>\n<p class=\"p1 c6\"><span class=\"c4\"><span class=\"c3\">Finalement, si l&rsquo;on y regarde bien, \u00abUn adieu\u00bb fait dans la gratuit\u00e9 des images. Alors, bye, bye !<\/span><\/span><\/p>\n<p class=\"p2 c7\">\u00a0<\/p>\n<p class=\"p1 c5\">\u00a0<\/p>\n<p class=\"p3 c8\"><span class=\"c4\"><span class=\"c3\"><strong>Z.H<\/strong><\/span><\/span><\/p>\n<p>Auteur: letemps1<br \/>\n<a href=\"http:\/\/www.letemps.com.tn\/article\/119093\/son-seul-%C2%ABprofit%C2%BB-la-planitude\">Cliquez ici pour lire l&rsquo;article depuis sa source.<\/a><\/p>\n","protected":false},"excerpt":{"rendered":"<p>Le Temps- Zouhour HARBAOUI \u00abUn adieu\u00bb, le court m\u00e9trage de Mathilde Profit, en comp\u00e9tition pour le festival myfrenchfilmfestival, organis\u00e9 depuis onze \u00e9ditions par UniFrance, n&rsquo;a l&rsquo;avantage que de sa planitude&#8230; A l&rsquo;occasion de myfrenchfilmfestival, organis\u00e9, par UniFrance, depuis le 15 janvier, et ce, jusqu&rsquo;au 15 f\u00e9vrier, nous avons pu visionner une vingtaine de courts et [&hellip;]<\/p>\n","protected":false},"author":1773,"featured_media":0,"comment_status":"closed","ping_status":"closed","sticky":false,"template":"","format":"standard","meta":{"fifu_image_url":"","fifu_image_alt":"","footnotes":""},"categories":[73,55],"tags":[],"class_list":["post-110449","post","type-post","status-publish","format-standard","hentry","category-actualite","category-tunisie"],"_links":{"self":[{"href":"https:\/\/linitiative.ca\/International\/wp-json\/wp\/v2\/posts\/110449","targetHints":{"allow":["GET"]}}],"collection":[{"href":"https:\/\/linitiative.ca\/International\/wp-json\/wp\/v2\/posts"}],"about":[{"href":"https:\/\/linitiative.ca\/International\/wp-json\/wp\/v2\/types\/post"}],"author":[{"embeddable":true,"href":"https:\/\/linitiative.ca\/International\/wp-json\/wp\/v2\/users\/1773"}],"replies":[{"embeddable":true,"href":"https:\/\/linitiative.ca\/International\/wp-json\/wp\/v2\/comments?post=110449"}],"version-history":[{"count":0,"href":"https:\/\/linitiative.ca\/International\/wp-json\/wp\/v2\/posts\/110449\/revisions"}],"wp:attachment":[{"href":"https:\/\/linitiative.ca\/International\/wp-json\/wp\/v2\/media?parent=110449"}],"wp:term":[{"taxonomy":"category","embeddable":true,"href":"https:\/\/linitiative.ca\/International\/wp-json\/wp\/v2\/categories?post=110449"},{"taxonomy":"post_tag","embeddable":true,"href":"https:\/\/linitiative.ca\/International\/wp-json\/wp\/v2\/tags?post=110449"}],"curies":[{"name":"wp","href":"https:\/\/api.w.org\/{rel}","templated":true}]}}