{"id":110451,"date":"2021-02-02T11:20:00","date_gmt":"2021-02-02T16:20:00","guid":{"rendered":"https:\/\/linitiative.ca\/International\/les-discussions-sur-la-libye-reprennent-a-geneve\/"},"modified":"2021-02-02T11:20:00","modified_gmt":"2021-02-02T16:20:00","slug":"les-discussions-sur-la-libye-reprennent-a-geneve","status":"publish","type":"post","link":"https:\/\/linitiative.ca\/International\/les-discussions-sur-la-libye-reprennent-a-geneve\/","title":{"rendered":"Les discussions sur la Libye reprennent \u00e0 Gen\u00e8ve"},"content":{"rendered":"<p class=\"p1 c4\"><span class=\"c3\"><strong><span class=\"s1 c2\"><span class=\"Apple-converted-space\">\u00a0<\/span>Le Temps- Agences-<\/span><\/strong> La tension est forte depuis dimanche \u00e0 Tripoli o\u00f9 les milices fid\u00e8les \u00e0 Fayez el-Sarraj ont une nouvelle fois refus\u00e9es le processus politique initi\u00e9 par l\u2019ONU, dont le forum qui s\u2019est ouvert<span class=\"Apple-converted-space\">\u00a0<\/span> \u00e0 Gen\u00e8ve doit \u00eatre l\u2019aboutissement. Des centaines de v\u00e9hicules militaires remplis d\u2019hommes arm\u00e9s convergent de plusieurs localit\u00e9s de l\u2019Ouest libyen vers la capitale.<\/span><\/p>\n<p class=\"p1 c4\"><span class=\"c3\">Les diff\u00e9rentes factions fid\u00e8les au Premier ministre ont annonc\u00e9 \u00ab unifier leur rang \u00bb en mettant fin \u00e0 leurs divisions internes. Ces milices ont appel\u00e9 Fayez el-Sarraj \u00e0 former un nouveau gouvernement d\u2019union nationale et ont violemment attaqu\u00e9 le ministre de l\u2019Int\u00e9rieur Fathi Bachagha, l\u2019un des candidats les plus en vue pour le poste de Premier ministre.<\/span><\/p>\n<p class=\"p1 c4\"><span class=\"c3\">Le camp de Fathi bachagha a aussit\u00f4t r\u00e9agi. Des milices venues de Misrata ont alors fait leur entr\u00e9e \u00e0 Tripoli pour, selon eux, \u00ab le prot\u00e9ger des milices pro-Sarraj \u00bb. Une tension qui n\u2019est pas nouvelle entre les milices de Tripoli et celles de Misrata. Elles sont en concurrence pour le pouvoir. Ces derniers mois, elles se sont battues \u00e0 plusieurs reprises.<\/span><\/p>\n<p class=\"p1 c4\"><span class=\"c3\">En tout cas, cette lutte risque \u00e0 nouveau d\u2019embraser le pays et remettre en cause les efforts actuels de stabilisation. C\u2019est une r\u00e9alit\u00e9 que les \u00e9missaires de l\u2019ONU n\u2019ont de cesse de d\u00e9noncer. Ghassan Salam\u00e9, l\u2019ancien \u00e9missaire, et St\u00e9phanie Williams, l\u2019envoy\u00e9e sp\u00e9ciale par int\u00e9rim pour encore quelques jours, ont r\u00e9cemment interpell\u00e9 ceux qu\u2019ils traitent de \u00ab corrompus \u00bb et de \u00ab dinosaures \u00bb, qui \u00ab s\u2019accrochent au pouvoir, refusent de laisser leur place \u00e0 d\u2019autres \u00bb, et qui ne veulent pas d\u2019\u00e9lection.<\/span><\/p>\n<p>Auteur: letemps1<br \/>\n<a href=\"http:\/\/www.letemps.com.tn\/article\/119095\/les-discussions-sur-la-libye-reprennent-%C3%A0-gen%C3%A8ve\">Cliquez ici pour lire l&rsquo;article depuis sa source.<\/a><\/p>\n","protected":false},"excerpt":{"rendered":"<p>\u00a0Le Temps- Agences- La tension est forte depuis dimanche \u00e0 Tripoli o\u00f9 les milices fid\u00e8les \u00e0 Fayez el-Sarraj ont une nouvelle fois refus\u00e9es le processus politique initi\u00e9 par l\u2019ONU, dont le forum qui s\u2019est ouvert\u00a0 \u00e0 Gen\u00e8ve doit \u00eatre l\u2019aboutissement. Des centaines de v\u00e9hicules militaires remplis d\u2019hommes arm\u00e9s convergent de plusieurs localit\u00e9s de l\u2019Ouest libyen [&hellip;]<\/p>\n","protected":false},"author":1773,"featured_media":0,"comment_status":"closed","ping_status":"closed","sticky":false,"template":"","format":"standard","meta":{"fifu_image_url":"","fifu_image_alt":"","footnotes":""},"categories":[73,55],"tags":[],"class_list":["post-110451","post","type-post","status-publish","format-standard","hentry","category-actualite","category-tunisie"],"_links":{"self":[{"href":"https:\/\/linitiative.ca\/International\/wp-json\/wp\/v2\/posts\/110451","targetHints":{"allow":["GET"]}}],"collection":[{"href":"https:\/\/linitiative.ca\/International\/wp-json\/wp\/v2\/posts"}],"about":[{"href":"https:\/\/linitiative.ca\/International\/wp-json\/wp\/v2\/types\/post"}],"author":[{"embeddable":true,"href":"https:\/\/linitiative.ca\/International\/wp-json\/wp\/v2\/users\/1773"}],"replies":[{"embeddable":true,"href":"https:\/\/linitiative.ca\/International\/wp-json\/wp\/v2\/comments?post=110451"}],"version-history":[{"count":0,"href":"https:\/\/linitiative.ca\/International\/wp-json\/wp\/v2\/posts\/110451\/revisions"}],"wp:attachment":[{"href":"https:\/\/linitiative.ca\/International\/wp-json\/wp\/v2\/media?parent=110451"}],"wp:term":[{"taxonomy":"category","embeddable":true,"href":"https:\/\/linitiative.ca\/International\/wp-json\/wp\/v2\/categories?post=110451"},{"taxonomy":"post_tag","embeddable":true,"href":"https:\/\/linitiative.ca\/International\/wp-json\/wp\/v2\/tags?post=110451"}],"curies":[{"name":"wp","href":"https:\/\/api.w.org\/{rel}","templated":true}]}}