{"id":110452,"date":"2021-02-02T11:20:00","date_gmt":"2021-02-02T16:20:00","guid":{"rendered":"https:\/\/linitiative.ca\/International\/arret-brutal-dnue-jeune-democratie\/"},"modified":"2021-02-02T11:20:00","modified_gmt":"2021-02-02T16:20:00","slug":"arret-brutal-dnue-jeune-democratie","status":"publish","type":"post","link":"https:\/\/linitiative.ca\/International\/arret-brutal-dnue-jeune-democratie\/","title":{"rendered":"Arr\u00eat brutal d&rsquo;nue jeune d\u00e9mocratie"},"content":{"rendered":"<p class=\"p1 c5\"><span class=\"c4\"><span class=\"c3\"><span class=\"s1 c2\"><strong>Le Temps- Agences-<\/strong><\/span> <strong>Des v\u00e9hicules blind\u00e9s d\u00e9ploy\u00e9s, quelques partisans de l&rsquo;arm\u00e9e en train de d\u00e9filer, mais aucune pr\u00e9sence massive de militaires : la Birmanie a \u00e9t\u00e9 le th\u00e9\u00e2tre hier d&rsquo;un coup d\u2019\u00c9tat sans effusion de sang qui marque un coup d&rsquo;arr\u00eat brutal pour la jeune d\u00e9mocratie.<\/strong><\/span><\/span><\/p>\n<p class=\"p1 c6\"><span class=\"c4\"><span class=\"c3\">\u00ab\u00a0C&rsquo;est extr\u00eamement bouleversant\u00a0\u00bb, \u00ab\u00a0je ne veux pas de putsch militaire\u00a0\u00bb, pouvait-on entendre dans les rues de Rangoun, la capitale \u00e9conomique de plus de cinq millions d&rsquo;habitants.<\/span><\/span><\/p>\n<p class=\"p1 c6\"><span class=\"c4\"><span class=\"c3\">Tout s&rsquo;est pass\u00e9 en quelques heures. Peu apr\u00e8s 03H00 du matin, des observateurs rep\u00e8rent de graves perturbations dans les t\u00e9l\u00e9communications et l&rsquo;acc\u00e8s \u00e0 internet.<\/span><\/span><\/p>\n<p class=\"p1 c6\"><span class=\"c4\"><span class=\"c3\">R\u00e9veill\u00e9, un parlementaire, membre du parti de la Ligue nationale pour la d\u00e9mocratie &#8211; le mouvement d&rsquo;Aung San Suu Kyi, r\u00e9sidant \u00e0 Naypyidaw, la capitale, tente de savoir ce qu&rsquo;il se passe.<\/span><\/span><\/p>\n<p class=\"p1 c6\"><span class=\"c4\"><span class=\"c3\">\u00ab\u00a0Des membres de ma famille sont sortis pour tenter de se renseigner, les forces de s\u00e9curit\u00e9 leur ont dit de rentrer chez elles, que les soldats \u00e9taient \u00e0 l&rsquo;ext\u00e9rieur du b\u00e2timent\u00a0\u00bb o\u00f9 r\u00e9sident les parlementaires, raconte le d\u00e9put\u00e9 sous couvert d&rsquo;anonymat par peur de repr\u00e9sailles.<\/span><\/span><\/p>\n<p class=\"p1 c6\"><span class=\"c4\"><span class=\"c3\">Quelques heures plus tard, les militaires proc\u00e8dent \u00e0 une vague d&rsquo;interpellations dont la cheffe de facto du gouvernement civil, Aung San Suu Kyi, et le pr\u00e9sident de la R\u00e9publique, Win Myint.<\/span><\/span><\/p>\n<p class=\"p1 c6\"><span class=\"c4\"><span class=\"c3\">L&rsquo;arm\u00e9e d\u00e9ploie des troupes arm\u00e9es et des v\u00e9hicules blind\u00e9s pour bloquer les axes permettant d&rsquo;acc\u00e9der au parlement, qui devait tenir sa premi\u00e8re session post-\u00e9lectorale, tandis que des h\u00e9licopt\u00e8res survolent la ville.<\/span><\/span><\/p>\n<p class=\"p1 c6\"><span class=\"c4\"><span class=\"c3\">A Rangoun, les soldats de Tatmadaw, le nom officiel des forces arm\u00e9es birmanes, s&#8217;emparent de l&rsquo;h\u00f4tel de ville et bloquent l&rsquo;acc\u00e8s \u00e0 l&rsquo;a\u00e9roport international.<\/span><\/span><\/p>\n<p class=\"p1 c6\"><span class=\"c4\"><span class=\"c3\">Puis, les militaires d\u00e9clarent, sur leur cha\u00eene de t\u00e9l\u00e9vision Myawaddy TV, l&rsquo;\u00e9tat d&rsquo;urgence pour une dur\u00e9e d&rsquo;un an et placent leurs g\u00e9n\u00e9raux aux principaux postes, mettant brusquement fin \u00e0 dix ans de transition d\u00e9mocratique.<\/span><\/span><\/p>\n<p class=\"p1 c6\"><span class=\"c4\"><span class=\"c3\">Min Aung Hlaing, le tout-puissant chef de l&rsquo;arm\u00e9e, concentre d\u00e9sormais les pouvoirs \u00ab\u00a0l\u00e9gislatif, administratif et judiciaire\u00a0\u00bb, tandis qu&rsquo;un autre g\u00e9n\u00e9ral, Myint Swe, est d\u00e9sign\u00e9 pr\u00e9sident par int\u00e9rim, un poste largement honorifique.<\/span><\/span><\/p>\n<p class=\"p1 c6\"><span class=\"c4\"><span class=\"c3\">Motif avanc\u00e9 par les militaires pour ce coup d&rsquo;Etat, le troisi\u00e8me depuis l&rsquo;ind\u00e9pendance du pays en 1948: des fraudes \u00e9lectorales \u00ab\u00a0\u00e9normes\u00a0\u00bb, selon eux, lors des \u00e9lections l\u00e9gislatives de novembre, remport\u00e9es massivement par la Ligue nationale pour la d\u00e9mocratie, au pouvoir depuis les l\u00e9gislatives de 2015.<\/span><\/span><\/p>\n<p class=\"p1 c6\"><span class=\"c4\"><span class=\"c3\">Pressentant ce putsch militaire, Aung San Suu Kyi, qui a pass\u00e9 15 ans de son existence en r\u00e9sidence surveill\u00e9e dans son pays, a laiss\u00e9 un message \u00e0 la population l&rsquo;exhortant \u00e0 \u00ab\u00a0ne pas accepter\u00a0\u00bb la prise de pouvoir de l&rsquo;arm\u00e9e.<\/span><\/span><\/p>\n<p class=\"p1 c6\"><span class=\"c4\"><span class=\"c3\">\u00ab\u00a0Mother Suu\u00a0\u00bb va-t-elle \u00eatre entendue ?: tr\u00e8s critiqu\u00e9e \u00e0 l&rsquo;international pour sa gestion de la crise des musulmans rohingyas, elle reste adul\u00e9e dans son pays.<\/span><\/span><\/p>\n<p class=\"p1 c6\"><span class=\"c4\"><span class=\"c3\">Plusieurs Birmans rencontr\u00e9s ont exprim\u00e9 leur d\u00e9ception.<\/span><\/span><\/p>\n<p class=\"p1 c6\"><span class=\"c4\"><span class=\"c3\">\u00ab\u00a0J&rsquo;avais h\u00e2te d&rsquo;un avenir meilleur\u00a0\u00bb, rel\u00e8ve un homme de 64 ans en train de faire la queue pour obtenir de la nourriture alors que le pays est d\u00e9j\u00e0 frapp\u00e9 de plein fouet par la pand\u00e9mie de coronavirus (plus de 140.000 cas et 3.000 d\u00e9c\u00e8s recens\u00e9s).<\/span><\/span><\/p>\n<p class=\"p1 c6\"><span class=\"c4\"><span class=\"c3\">Tous ne ressentent pas ce m\u00eame d\u00e9sarroi: plusieurs camions ont travers\u00e9 \u00e0 grande vitesse les rues de Rangoun, des partisans de l&rsquo;arm\u00e9e agitant \u00e0 leur bord des drapeaux et chantant des hymnes nationalistes.<\/span><\/span><\/p>\n<p class=\"p1 c6\"><span class=\"c4\"><span class=\"c3\">Des journalistes locaux et \u00e9trangers ont re\u00e7u des coups lors d&rsquo;un rassemblement pro-militaire pr\u00e8s de la c\u00e9l\u00e8bre pagode Sule dans le centre de la ville, d&rsquo;apr\u00e8s des vid\u00e9os diffus\u00e9es sur les r\u00e9seaux sociaux.<\/span><\/span><\/p>\n<p class=\"p1 c6\"><span class=\"c4\"><span class=\"c3\">Les militaires ont promis d&rsquo;organiser de nouvelles \u00e9lections \u00ab\u00a0libres et \u00e9quitables\u00a0\u00bb, une fois que l&rsquo;\u00e9tat d&rsquo;urgence d&rsquo;un an sera lev\u00e9.<\/span><\/span><\/p>\n<p class=\"p1 c6\"><span class=\"c4\"><span class=\"c3\">Mais des Birmans restent pessimistes.<\/span><\/span><\/p>\n<p class=\"p1 c5\">\u00a0<\/p>\n<p class=\"p1 c6\"><span class=\"c4\"><span class=\"c3\">En 1988, quelque 3.000 civils avaient \u00e9t\u00e9 tu\u00e9s par les militaires lors d&rsquo;une r\u00e9pression sanglante de manifestations contre le pouvoir en place.<\/span><\/span><\/p>\n<p>Auteur: letemps1<br \/>\n<a href=\"http:\/\/www.letemps.com.tn\/article\/119096\/arr%C3%AAt-brutal-dnue-jeune-d%C3%A9mocratie\">Cliquez ici pour lire l&rsquo;article depuis sa source.<\/a><\/p>\n","protected":false},"excerpt":{"rendered":"<p>Le Temps- Agences- Des v\u00e9hicules blind\u00e9s d\u00e9ploy\u00e9s, quelques partisans de l&rsquo;arm\u00e9e en train de d\u00e9filer, mais aucune pr\u00e9sence massive de militaires : la Birmanie a \u00e9t\u00e9 le th\u00e9\u00e2tre hier d&rsquo;un coup d\u2019\u00c9tat sans effusion de sang qui marque un coup d&rsquo;arr\u00eat brutal pour la jeune d\u00e9mocratie. \u00ab\u00a0C&rsquo;est extr\u00eamement bouleversant\u00a0\u00bb, \u00ab\u00a0je ne veux pas de putsch [&hellip;]<\/p>\n","protected":false},"author":1773,"featured_media":0,"comment_status":"closed","ping_status":"closed","sticky":false,"template":"","format":"standard","meta":{"fifu_image_url":"","fifu_image_alt":"","footnotes":""},"categories":[73,55],"tags":[],"class_list":["post-110452","post","type-post","status-publish","format-standard","hentry","category-actualite","category-tunisie"],"_links":{"self":[{"href":"https:\/\/linitiative.ca\/International\/wp-json\/wp\/v2\/posts\/110452","targetHints":{"allow":["GET"]}}],"collection":[{"href":"https:\/\/linitiative.ca\/International\/wp-json\/wp\/v2\/posts"}],"about":[{"href":"https:\/\/linitiative.ca\/International\/wp-json\/wp\/v2\/types\/post"}],"author":[{"embeddable":true,"href":"https:\/\/linitiative.ca\/International\/wp-json\/wp\/v2\/users\/1773"}],"replies":[{"embeddable":true,"href":"https:\/\/linitiative.ca\/International\/wp-json\/wp\/v2\/comments?post=110452"}],"version-history":[{"count":0,"href":"https:\/\/linitiative.ca\/International\/wp-json\/wp\/v2\/posts\/110452\/revisions"}],"wp:attachment":[{"href":"https:\/\/linitiative.ca\/International\/wp-json\/wp\/v2\/media?parent=110452"}],"wp:term":[{"taxonomy":"category","embeddable":true,"href":"https:\/\/linitiative.ca\/International\/wp-json\/wp\/v2\/categories?post=110452"},{"taxonomy":"post_tag","embeddable":true,"href":"https:\/\/linitiative.ca\/International\/wp-json\/wp\/v2\/tags?post=110452"}],"curies":[{"name":"wp","href":"https:\/\/api.w.org\/{rel}","templated":true}]}}