{"id":110453,"date":"2021-02-02T15:14:12","date_gmt":"2021-02-02T20:14:12","guid":{"rendered":"https:\/\/linitiative.ca\/International\/pros-mhsc-andy-delort-declare-forfait-pour-metz\/"},"modified":"2021-02-02T15:14:12","modified_gmt":"2021-02-02T20:14:12","slug":"pros-mhsc-andy-delort-declare-forfait-pour-metz","status":"publish","type":"post","link":"https:\/\/linitiative.ca\/International\/pros-mhsc-andy-delort-declare-forfait-pour-metz\/","title":{"rendered":"Pros : MHSC : Andy Delort d\u00e9clare forfait pour Metz"},"content":{"rendered":"<div readability=\"32\">\n<p>Auteur : <span class=\"time\">mardi 02 f\u00e9vrier 2021 14:20<\/span><\/p>\n<\/div>\n<div id=\"post_core\" readability=\"41\">\n<p>Selon Madeinfoot et\u00a0France Bleu H\u00e9rault, l&rsquo;attaquant du Montpellier H\u00e9rault Sport Club n&rsquo;est pas encore \u00e0 100 % de ses capacit\u00e9s. Ambroise Oyongo, touch\u00e9 \u00e0 la cheville, est \u00e9galement indisponible pour cette affiche face aux Grenats.\u00a0Comme d\u00e9j\u00e0 relat\u00e9 hier dans notre m\u00e9dia, Florent Mollet et T\u00e9ji Savanier r\u00e9int\u00e8grent eux le groupe.<\/p>\n<p><strong>Publi\u00e9 dans :<\/strong> <span>MHSC &#8211; Andy Delort<\/span><\/p>\n<\/div>\n<p>Auteur:<br \/>\n<a href=\"http:\/\/www.lebuteur.com\/article\/detail?titre=mhsc-andy-delort-declare-forfait-pour-metz&#038;id=98935&#038;utm_source=feedburner&#038;utm_medium=feed&#038;utm_campaign=Feed%3A+GalerieFArtciles+%28Les+derniers+articles++-+lebuteur.com%29\">Cliquez ici pour lire l&rsquo;article depuis sa source.<\/a><\/p>\n","protected":false},"excerpt":{"rendered":"<p>Auteur : mardi 02 f\u00e9vrier 2021 14:20 Selon Madeinfoot et\u00a0France Bleu H\u00e9rault, l&rsquo;attaquant du Montpellier H\u00e9rault Sport Club n&rsquo;est pas encore \u00e0 100 % de ses capacit\u00e9s. Ambroise Oyongo, touch\u00e9 \u00e0 la cheville, est \u00e9galement indisponible pour cette affiche face aux Grenats.\u00a0Comme d\u00e9j\u00e0 relat\u00e9 hier dans notre m\u00e9dia, Florent Mollet et T\u00e9ji Savanier r\u00e9int\u00e8grent eux [&hellip;]<\/p>\n","protected":false},"author":1738,"featured_media":0,"comment_status":"closed","ping_status":"closed","sticky":false,"template":"","format":"standard","meta":{"fifu_image_url":"\/\/cdn.lebuteur.com\/data\/images\/article\/thumbs\/large-98935mhsc-andy-delort-declare-forfait-pour-metz-fba76.jpg","fifu_image_alt":"Pros : MHSC : Andy Delort d\u00e9clare forfait pour Metz","footnotes":""},"categories":[53,75],"tags":[],"class_list":["post-110453","post","type-post","status-publish","format-standard","hentry","category-algerie","category-sport"],"_links":{"self":[{"href":"https:\/\/linitiative.ca\/International\/wp-json\/wp\/v2\/posts\/110453","targetHints":{"allow":["GET"]}}],"collection":[{"href":"https:\/\/linitiative.ca\/International\/wp-json\/wp\/v2\/posts"}],"about":[{"href":"https:\/\/linitiative.ca\/International\/wp-json\/wp\/v2\/types\/post"}],"author":[{"embeddable":true,"href":"https:\/\/linitiative.ca\/International\/wp-json\/wp\/v2\/users\/1738"}],"replies":[{"embeddable":true,"href":"https:\/\/linitiative.ca\/International\/wp-json\/wp\/v2\/comments?post=110453"}],"version-history":[{"count":0,"href":"https:\/\/linitiative.ca\/International\/wp-json\/wp\/v2\/posts\/110453\/revisions"}],"wp:attachment":[{"href":"https:\/\/linitiative.ca\/International\/wp-json\/wp\/v2\/media?parent=110453"}],"wp:term":[{"taxonomy":"category","embeddable":true,"href":"https:\/\/linitiative.ca\/International\/wp-json\/wp\/v2\/categories?post=110453"},{"taxonomy":"post_tag","embeddable":true,"href":"https:\/\/linitiative.ca\/International\/wp-json\/wp\/v2\/tags?post=110453"}],"curies":[{"name":"wp","href":"https:\/\/api.w.org\/{rel}","templated":true}]}}