{"id":110454,"date":"2021-02-02T15:14:14","date_gmt":"2021-02-02T20:14:14","guid":{"rendered":"https:\/\/linitiative.ca\/International\/international-tottenham-les-spurs-annoncent-un-depart\/"},"modified":"2021-02-02T15:14:14","modified_gmt":"2021-02-02T20:14:14","slug":"international-tottenham-les-spurs-annoncent-un-depart","status":"publish","type":"post","link":"https:\/\/linitiative.ca\/International\/international-tottenham-les-spurs-annoncent-un-depart\/","title":{"rendered":"International : Tottenham : Les Spurs annoncent un d\u00e9part"},"content":{"rendered":"<div readability=\"32\">\n<p>Auteur : <span class=\"time\">mardi 02 f\u00e9vrier 2021 15:00<\/span><\/p>\n<\/div>\n<div id=\"post_core\" readability=\"40\">\n<p>Le portier argentin de 29 ans va finir la saison dans le championnat espagnol. Selon Les-Transferts, les Spurs ont trouv\u00e9 un accord avec\u00a0Elche. Pass\u00e9 notamment par le FC Valence, Southampton ou encore le Rayo Vallecano, le natif de Murphy est pr\u00eat\u00e9 jusqu\u2019\u00e0 la fin de la saison. A noter que le pensionnaire de Liga dispose d\u2019une option d\u2019achat.<\/p>\n<p><strong>Publi\u00e9 dans :<\/strong> <span>Tottenham<\/span> <span>Paulo Gazzaniga<\/span><\/p>\n<\/div>\n<p>Auteur:<br \/>\n<a href=\"http:\/\/www.lebuteur.com\/article\/detail?titre=tottenham-les-spurs-annoncent-un-depart&#038;id=98936&#038;utm_source=feedburner&#038;utm_medium=feed&#038;utm_campaign=Feed%3A+GalerieFArtciles+%28Les+derniers+articles++-+lebuteur.com%29\">Cliquez ici pour lire l&rsquo;article depuis sa source.<\/a><\/p>\n","protected":false},"excerpt":{"rendered":"<p>Auteur : mardi 02 f\u00e9vrier 2021 15:00 Le portier argentin de 29 ans va finir la saison dans le championnat espagnol. Selon Les-Transferts, les Spurs ont trouv\u00e9 un accord avec\u00a0Elche. Pass\u00e9 notamment par le FC Valence, Southampton ou encore le Rayo Vallecano, le natif de Murphy est pr\u00eat\u00e9 jusqu\u2019\u00e0 la fin de la saison. A [&hellip;]<\/p>\n","protected":false},"author":1738,"featured_media":0,"comment_status":"closed","ping_status":"closed","sticky":false,"template":"","format":"standard","meta":{"fifu_image_url":"\/\/cdn.lebuteur.com\/data\/images\/article\/thumbs\/large-tottenham-les-spurs-annoncent-un-depart-66488.jpg","fifu_image_alt":"International : Tottenham : Les Spurs annoncent un d\u00e9part","footnotes":""},"categories":[53,75],"tags":[],"class_list":["post-110454","post","type-post","status-publish","format-standard","hentry","category-algerie","category-sport"],"_links":{"self":[{"href":"https:\/\/linitiative.ca\/International\/wp-json\/wp\/v2\/posts\/110454","targetHints":{"allow":["GET"]}}],"collection":[{"href":"https:\/\/linitiative.ca\/International\/wp-json\/wp\/v2\/posts"}],"about":[{"href":"https:\/\/linitiative.ca\/International\/wp-json\/wp\/v2\/types\/post"}],"author":[{"embeddable":true,"href":"https:\/\/linitiative.ca\/International\/wp-json\/wp\/v2\/users\/1738"}],"replies":[{"embeddable":true,"href":"https:\/\/linitiative.ca\/International\/wp-json\/wp\/v2\/comments?post=110454"}],"version-history":[{"count":0,"href":"https:\/\/linitiative.ca\/International\/wp-json\/wp\/v2\/posts\/110454\/revisions"}],"wp:attachment":[{"href":"https:\/\/linitiative.ca\/International\/wp-json\/wp\/v2\/media?parent=110454"}],"wp:term":[{"taxonomy":"category","embeddable":true,"href":"https:\/\/linitiative.ca\/International\/wp-json\/wp\/v2\/categories?post=110454"},{"taxonomy":"post_tag","embeddable":true,"href":"https:\/\/linitiative.ca\/International\/wp-json\/wp\/v2\/tags?post=110454"}],"curies":[{"name":"wp","href":"https:\/\/api.w.org\/{rel}","templated":true}]}}