{"id":110456,"date":"2021-02-02T15:14:18","date_gmt":"2021-02-02T20:14:18","guid":{"rendered":"https:\/\/linitiative.ca\/International\/equipe-dalgerie-belmadi-la-ligue-des-champions-un-bon-barometre-pour-evaluer-les-locaux\/"},"modified":"2021-02-02T15:14:18","modified_gmt":"2021-02-02T20:14:18","slug":"equipe-dalgerie-belmadi-la-ligue-des-champions-un-bon-barometre-pour-evaluer-les-locaux","status":"publish","type":"post","link":"https:\/\/linitiative.ca\/International\/equipe-dalgerie-belmadi-la-ligue-des-champions-un-bon-barometre-pour-evaluer-les-locaux\/","title":{"rendered":"Equipe d&rsquo;Alg\u00e9rie : Belmadi : \u00ab\u00a0la Ligue des champions un bon barom\u00e8tre pour \u00e9valuer les locaux\u00a0\u00bb"},"content":{"rendered":"<div readability=\"32\">\n<p>Auteur : <span>APS<\/span> <span class=\"time\">mardi 02 f\u00e9vrier 2021 18:54<\/span><\/p>\n<\/div>\n<div id=\"post_core\" readability=\"49\">\n<p>Le s\u00e9lectionneur national Djamel Belmadi a estim\u00e9, mardi \u00e0 Alger, que la Ligue des champions africaine, dont la phase de groupes d\u00e9butera la mi-f\u00e9vrier, constituerait \u00ab\u00a0une bonne occasion pour jauger les joueurs locaux\u00a0\u00bb susceptibles de renforcer les rangs des \u00ab\u00a0Verts\u00a0\u00bb en pr\u00e9vision des importantes \u00e9ch\u00e9ances \u00e0 venir: \u00ab\u00a0Le niveau de la Ligue des champions se rapproche du haut niveau international. Elle constituera donc une bonne opportunit\u00e9 pour moi de superviser les joueurs\u00a0\u00bb locaux, a-t-il indiqu\u00e9 \u00e0 la presse en marge de la signature d&rsquo;un partenariat avec l&rsquo;op\u00e9rateur de t\u00e9l\u00e9phonie mobile, Mobilis. En effet, l&rsquo;ancien milieu offensif de l&rsquo;Olympique de Marseille continue \u00e0 ratisser tr\u00e8s large, avec l&rsquo;espoir de d\u00e9nicher de nouveau talents susceptibles d&rsquo;apporter un plus \u00e0 la s\u00e9lection, y compris parmi les joueurs locaux. Concernant son partenariat avec Mobilis, le s\u00e9lectionneur national a expliqu\u00e9 qu&rsquo;il s&rsquo;agissait d&rsquo;un \u00ab\u00a0contrat \u00e0 but caritatif\u00a0\u00bb, destin\u00e9 \u00e0 apporter de l&rsquo;aide aux plus d\u00e9munis. \u00ab\u00a0La premi\u00e8re \u00e9tape a \u00e9t\u00e9 de signer ce partenariat et \u00e0 l&rsquo;avenir, nous allons discuter pour \u00e9tablir un programme qui nous permettra d&rsquo;organiser ces aides, par ordre de priorit\u00e9s\u00a0\u00bb, a-t-il encore pr\u00e9cis\u00e9.<\/p>\n<p><strong>Publi\u00e9 dans :<\/strong> <span>Belmadi<\/span><\/p>\n<\/div>\n<p>Auteur:<br \/>\n<a href=\"http:\/\/www.lebuteur.com\/article\/detail?titre=belmadi-la-ligue-des-champions-un-bon-barometre-pour-evaluer-les-locaux&#038;id=98938&#038;utm_source=feedburner&#038;utm_medium=feed&#038;utm_campaign=Feed%3A+GalerieFArtciles+%28Les+derniers+articles++-+lebuteur.com%29\">Cliquez ici pour lire l&rsquo;article depuis sa source.<\/a><\/p>\n","protected":false},"excerpt":{"rendered":"<p>Auteur : APS mardi 02 f\u00e9vrier 2021 18:54 Le s\u00e9lectionneur national Djamel Belmadi a estim\u00e9, mardi \u00e0 Alger, que la Ligue des champions africaine, dont la phase de groupes d\u00e9butera la mi-f\u00e9vrier, constituerait \u00ab\u00a0une bonne occasion pour jauger les joueurs locaux\u00a0\u00bb susceptibles de renforcer les rangs des \u00ab\u00a0Verts\u00a0\u00bb en pr\u00e9vision des importantes \u00e9ch\u00e9ances \u00e0 venir: [&hellip;]<\/p>\n","protected":false},"author":1738,"featured_media":0,"comment_status":"closed","ping_status":"closed","sticky":false,"template":"","format":"standard","meta":{"fifu_image_url":"\/\/cdn.lebuteur.com\/data\/images\/article\/thumbs\/large-belmadi-la-ligue-des-champions-un-bon-barometre-pour-evaluer-les-locaux-29959.jpg","fifu_image_alt":"Equipe d'Alg\u00e9rie : Belmadi : \"la Ligue des champions un bon barom\u00e8tre pour \u00e9valuer les locaux\"","footnotes":""},"categories":[53,75],"tags":[],"class_list":["post-110456","post","type-post","status-publish","format-standard","hentry","category-algerie","category-sport"],"_links":{"self":[{"href":"https:\/\/linitiative.ca\/International\/wp-json\/wp\/v2\/posts\/110456","targetHints":{"allow":["GET"]}}],"collection":[{"href":"https:\/\/linitiative.ca\/International\/wp-json\/wp\/v2\/posts"}],"about":[{"href":"https:\/\/linitiative.ca\/International\/wp-json\/wp\/v2\/types\/post"}],"author":[{"embeddable":true,"href":"https:\/\/linitiative.ca\/International\/wp-json\/wp\/v2\/users\/1738"}],"replies":[{"embeddable":true,"href":"https:\/\/linitiative.ca\/International\/wp-json\/wp\/v2\/comments?post=110456"}],"version-history":[{"count":0,"href":"https:\/\/linitiative.ca\/International\/wp-json\/wp\/v2\/posts\/110456\/revisions"}],"wp:attachment":[{"href":"https:\/\/linitiative.ca\/International\/wp-json\/wp\/v2\/media?parent=110456"}],"wp:term":[{"taxonomy":"category","embeddable":true,"href":"https:\/\/linitiative.ca\/International\/wp-json\/wp\/v2\/categories?post=110456"},{"taxonomy":"post_tag","embeddable":true,"href":"https:\/\/linitiative.ca\/International\/wp-json\/wp\/v2\/tags?post=110456"}],"curies":[{"name":"wp","href":"https:\/\/api.w.org\/{rel}","templated":true}]}}