{"id":110457,"date":"2021-02-02T15:14:21","date_gmt":"2021-02-02T20:14:21","guid":{"rendered":"https:\/\/linitiative.ca\/International\/international-le-coup-de-gueule-de-belmadi-sur-la-situation-de-mahrez\/"},"modified":"2021-02-02T15:14:21","modified_gmt":"2021-02-02T20:14:21","slug":"international-le-coup-de-gueule-de-belmadi-sur-la-situation-de-mahrez","status":"publish","type":"post","link":"https:\/\/linitiative.ca\/International\/international-le-coup-de-gueule-de-belmadi-sur-la-situation-de-mahrez\/","title":{"rendered":"International : Le coup de gueule de Belmadi sur la situation de Mahrez"},"content":{"rendered":"<div readability=\"32\">\n<p>Auteur : <span class=\"time\">mardi 02 f\u00e9vrier 2021 19:10<\/span><\/p>\n<\/div>\n<div id=\"post_core\" readability=\"48\">\n<p>\u00abMahrez n\u2019est pas content \u00e0 Manchester, car il ne joue pas souvent, or c\u2019est un comp\u00e9titeur qui veut jouer toutes les rencontres de son \u00e9quipe. \u00bb Ce sont les mots forts employ\u00e9s par le s\u00e9lectionneur alg\u00e9rien Djamel Belmadi concernant la situation en club de son capitaine Riyad Mahrez. L\u2019ailier gauche joue peu sous les ordres de Pep Guardiola, une situation qui l\u2019agace profond\u00e9ment. Titulaire \u00e0 seulement onze reprises cette saison en Premier League sur 21 matches, l\u2019Alg\u00e9rien n\u2019a disput\u00e9 que la moiti\u00e9 des minutes jou\u00e9es par son club depuis le d\u00e9but de saison. Trop peu pour un joueur de ce calibre qui vise \u00e0 \u00eatre titulaire r\u00e9gulier. De quoi faire douter les supporters alg\u00e9riens quant \u00e0 son niveau de forme en s\u00e9lection. Une inqui\u00e9tude que ne partage pas son s\u00e9lectionneur. Belmadi s\u2019est confi\u00e9 sur le faible temps de jeu en club de son joueur et de sa possible m\u00e9forme physique en s\u00e9lection. Pour lui, hors de question de demander \u00e0 Mahrez de changer d\u2019air. \u00ab Je ne peux pas lui demander de quitter son club pour avoir un temps de jeu cons\u00e9quent dans une autre \u00e9quipe, je ne suis pas son manager, mais le plus important c\u2019est qu\u2019il maintienne sa forme et soit pr\u00eat pour les prochaines \u00e9ch\u00e9ances de l\u2019\u00e9quipe nationale. Mahrez est notre capitaine, je comprends les craintes des supporters, mais \u00e0 mon avis, il a les qualit\u00e9s pour rebondir \u00e0 nouveau, je lui fais confiance \u00bb. Le Fennec n\u2019a pas perdu la confiance de son s\u00e9lectionneur, \u00e0 lui de r\u00e9cup\u00e9rer celle de Pep Guardiola, pour retrouver une place de titulaire rapidement rapporte OnzeMondial.com.<\/p>\n<p><strong>Publi\u00e9 dans :<\/strong> <span>Mahrez<\/span><\/p>\n<\/div>\n<p>Auteur:<br \/>\n<a href=\"http:\/\/www.lebuteur.com\/article\/detail?titre=le-coup-de-gueule-de-belmadi-sur-la-situation-de-mahrez&#038;id=98939&#038;utm_source=feedburner&#038;utm_medium=feed&#038;utm_campaign=Feed%3A+GalerieFArtciles+%28Les+derniers+articles++-+lebuteur.com%29\">Cliquez ici pour lire l&rsquo;article depuis sa source.<\/a><\/p>\n","protected":false},"excerpt":{"rendered":"<p>Auteur : mardi 02 f\u00e9vrier 2021 19:10 \u00abMahrez n\u2019est pas content \u00e0 Manchester, car il ne joue pas souvent, or c\u2019est un comp\u00e9titeur qui veut jouer toutes les rencontres de son \u00e9quipe. \u00bb Ce sont les mots forts employ\u00e9s par le s\u00e9lectionneur alg\u00e9rien Djamel Belmadi concernant la situation en club de son capitaine Riyad Mahrez. [&hellip;]<\/p>\n","protected":false},"author":1738,"featured_media":0,"comment_status":"closed","ping_status":"closed","sticky":false,"template":"","format":"standard","meta":{"fifu_image_url":"\/\/cdn.lebuteur.com\/data\/images\/article\/thumbs\/large-le-coup-de-gueule-de-belmadi-sur-la-situation-de-mahrez-6aafa.jpg","fifu_image_alt":"International : Le coup de gueule de Belmadi sur la situation de Mahrez","footnotes":""},"categories":[53,75],"tags":[],"class_list":["post-110457","post","type-post","status-publish","format-standard","hentry","category-algerie","category-sport"],"_links":{"self":[{"href":"https:\/\/linitiative.ca\/International\/wp-json\/wp\/v2\/posts\/110457","targetHints":{"allow":["GET"]}}],"collection":[{"href":"https:\/\/linitiative.ca\/International\/wp-json\/wp\/v2\/posts"}],"about":[{"href":"https:\/\/linitiative.ca\/International\/wp-json\/wp\/v2\/types\/post"}],"author":[{"embeddable":true,"href":"https:\/\/linitiative.ca\/International\/wp-json\/wp\/v2\/users\/1738"}],"replies":[{"embeddable":true,"href":"https:\/\/linitiative.ca\/International\/wp-json\/wp\/v2\/comments?post=110457"}],"version-history":[{"count":0,"href":"https:\/\/linitiative.ca\/International\/wp-json\/wp\/v2\/posts\/110457\/revisions"}],"wp:attachment":[{"href":"https:\/\/linitiative.ca\/International\/wp-json\/wp\/v2\/media?parent=110457"}],"wp:term":[{"taxonomy":"category","embeddable":true,"href":"https:\/\/linitiative.ca\/International\/wp-json\/wp\/v2\/categories?post=110457"},{"taxonomy":"post_tag","embeddable":true,"href":"https:\/\/linitiative.ca\/International\/wp-json\/wp\/v2\/tags?post=110457"}],"curies":[{"name":"wp","href":"https:\/\/api.w.org\/{rel}","templated":true}]}}