{"id":110458,"date":"2021-02-02T03:00:00","date_gmt":"2021-02-02T08:00:00","guid":{"rendered":"https:\/\/linitiative.ca\/International\/qui-retarde-louverture-du-bureau-de-la-francophonie-a-tunis\/"},"modified":"2021-02-02T03:00:00","modified_gmt":"2021-02-02T08:00:00","slug":"qui-retarde-louverture-du-bureau-de-la-francophonie-a-tunis","status":"publish","type":"post","link":"https:\/\/linitiative.ca\/International\/qui-retarde-louverture-du-bureau-de-la-francophonie-a-tunis\/","title":{"rendered":"Qui retarde l\u2019ouverture du bureau de la Francophonie \u00e0 Tunis ?"},"content":{"rendered":"<p>La loi est vot\u00e9e, le si\u00e8ge est mis \u00e0 disposition, mais le bureau r\u00e9gional de l\u2019Organisation internationale de la Francophonie (OIF) pour l\u2019Afrique du Nord tarde encore \u00e0 ouvrir ses portes. A qui la faute ? La d\u00e9cision avait \u00e9t\u00e9 prise en conf\u00e9rence minist\u00e9rielle le 8 octobre 2018, lors du sommet de la Francophonie \u00e0 Erevan (Arm\u00e9nie), et le pr\u00e9sident B\u00e9ji Ca\u00efd Essebsi en \u00e9tait ravi.<\/p>\n<p>Deux nouveaux bureaux r\u00e9gionaux devaient \u00eatre d\u00e9ploy\u00e9s \u00e0 Tunis et Beyrouth, portant ainsi \u00e0 8 les repr\u00e9sentations de l\u2019OIF (en plus des quatre aupr\u00e8s d\u2019organisations r\u00e9gionales et internationales). Le 15 avril 2019, la secr\u00e9taire g\u00e9n\u00e9rale de la Francophonie, Louise Mushikiwabo, en visite \u00e0 Tunis, signait avec l\u2019ancien ministre des Affaires \u00e9trang\u00e8res, Khemaies Jhinaoui, un accord y aff\u00e9rent. Le 30 juin 2020, l\u2019Assembl\u00e9e des repr\u00e9sentants du peuple adoptait un projet de loi organique portant approbation de cet accord, et la loi sera rapidement promulgu\u00e9e (Loi organique n\u00b0 2020-31 du 14 juillet 2020).<\/p>\n<p><img decoding=\"async\" src=\"\/uploads\/FCK_files\/KS.jpg\" alt=\"\" width=\"100%\" vspace=\"5\" hspace=\"5\" align=\"middle\"\/><\/p>\n<p>Au terme de cet accord, la Tunisie devait fournir un si\u00e8ge pour accueillir le bureau. Pr\u00e9voyant, Jhinaoui avait pris contact avec son homologue des Finances, Ridha Chalghoum, pour trouver des locaux convenables parmi le parc immobilier des biens confisqu\u00e9s en 2011. Le choix s\u2019est port\u00e9 sur une superbe villa, juste \u00e0 l\u2019entr\u00e9e du quartier hupp\u00e9 d\u2019El Manar, au 8 avenue Abdelaziz-Al Saoud, en face d\u2019un grand centre commercial ultramoderne. Faisant l\u2019angle avec la rue Ali-Zlitini, cette b\u00e2tisse spacieuse, entour\u00e9e d\u2019un jardin, s\u2019\u00e9l\u00e8ve sur deux niveaux. Longtemps ferm\u00e9e, elle devait b\u00e9n\u00e9ficier de travaux qui ont \u00e9t\u00e9 diligent\u00e9s par les services du minist\u00e8re des Affaires \u00e9trang\u00e8res, aux frais du contribuable, ce qui l\u2019a rendue fin pr\u00eate pour accueillir ses nouveaux occupants. Sauf que l\u2019affaire tra\u00eene en longueur.<\/p>\n<p>L\u2019OIF a finalement nomm\u00e9 le 3 septembre dernier une directrice du bureau. Il s\u2019agit de l\u2019ancienne ministre tchadienne de l\u2019Aviation civile et de la M\u00e9t\u00e9orologie, Haoua Acyl, limog\u00e9e en septembre 2017 suite \u00e0 une affaire d\u2019immatriculation d\u2019un avion, puis d\u00e9sign\u00e9e en 2019 directrice g\u00e9n\u00e9rale adjointe de Coton Tchad Soci\u00e9t\u00e9 nouvelle. Depuis son affectation \u00e0 Tunis, elle n\u2019y a pas encore pris ses fonctions, hormis sa pr\u00e9sence lors de la visite de la secr\u00e9taire g\u00e9n\u00e9rale de l\u2019OIF \u00e0 Tunis, le 15 d\u00e9cembre dernier. Sur un mode \u00abh\u00e2tez-vous lentement\u00bb, et \u00e0 neuf mois seulement du sommet de la Francophonie devant se tenir \u00e0 Djerba, les 21 et 22 novembre de cette ann\u00e9e, les portes du bureau r\u00e9gional de Tunis sont encore closes. A Paris, on dit que la Tunisie n\u2019a pas remis les cl\u00e9s et \u00e0 Tunis, on r\u00e9torque que personne ne les a r\u00e9clam\u00e9es. Quant \u00e0 la nouvelle directrice, on nous apprend qu\u2019elle \u00abpr\u00e9pare ses papiers\u00bb. Est-ce cela la Francophonie ?<br \/>\u00a0<\/p>\n<p>Auteur:<br \/>\n<a href=\"https:\/\/www.leaders.com.tn\/article\/31365-qui-retarde-l-ouverture-du-bureau-de-la-francophonie-a-tunis\">Cliquez ici pour lire l&rsquo;article depuis sa source.<\/a><\/p>\n","protected":false},"excerpt":{"rendered":"<p>La loi est vot\u00e9e, le si\u00e8ge est mis \u00e0 disposition, mais le bureau r\u00e9gional de l\u2019Organisation internationale de la Francophonie (OIF) pour l\u2019Afrique du Nord tarde encore \u00e0 ouvrir ses portes. A qui la faute ? La d\u00e9cision avait \u00e9t\u00e9 prise en conf\u00e9rence minist\u00e9rielle le 8 octobre 2018, lors du sommet de la Francophonie \u00e0 [&hellip;]<\/p>\n","protected":false},"author":1772,"featured_media":0,"comment_status":"closed","ping_status":"closed","sticky":false,"template":"","format":"standard","meta":{"fifu_image_url":"\/uploads\/FCK_files\/KS.jpg","fifu_image_alt":"Qui retarde l\u2019ouverture du bureau de la Francophonie \u00e0 Tunis ?","footnotes":""},"categories":[73,55],"tags":[],"class_list":["post-110458","post","type-post","status-publish","format-standard","hentry","category-actualite","category-tunisie"],"_links":{"self":[{"href":"https:\/\/linitiative.ca\/International\/wp-json\/wp\/v2\/posts\/110458","targetHints":{"allow":["GET"]}}],"collection":[{"href":"https:\/\/linitiative.ca\/International\/wp-json\/wp\/v2\/posts"}],"about":[{"href":"https:\/\/linitiative.ca\/International\/wp-json\/wp\/v2\/types\/post"}],"author":[{"embeddable":true,"href":"https:\/\/linitiative.ca\/International\/wp-json\/wp\/v2\/users\/1772"}],"replies":[{"embeddable":true,"href":"https:\/\/linitiative.ca\/International\/wp-json\/wp\/v2\/comments?post=110458"}],"version-history":[{"count":0,"href":"https:\/\/linitiative.ca\/International\/wp-json\/wp\/v2\/posts\/110458\/revisions"}],"wp:attachment":[{"href":"https:\/\/linitiative.ca\/International\/wp-json\/wp\/v2\/media?parent=110458"}],"wp:term":[{"taxonomy":"category","embeddable":true,"href":"https:\/\/linitiative.ca\/International\/wp-json\/wp\/v2\/categories?post=110458"},{"taxonomy":"post_tag","embeddable":true,"href":"https:\/\/linitiative.ca\/International\/wp-json\/wp\/v2\/tags?post=110458"}],"curies":[{"name":"wp","href":"https:\/\/api.w.org\/{rel}","templated":true}]}}