{"id":110460,"date":"2021-02-02T07:08:00","date_gmt":"2021-02-02T12:08:00","guid":{"rendered":"https:\/\/linitiative.ca\/International\/deces-de-lavocat-hassan-ghodhbani-lun-des-fondateurs-du-mouvement-de-la-tendance-islamique-mti\/"},"modified":"2021-02-02T07:08:00","modified_gmt":"2021-02-02T12:08:00","slug":"deces-de-lavocat-hassan-ghodhbani-lun-des-fondateurs-du-mouvement-de-la-tendance-islamique-mti","status":"publish","type":"post","link":"https:\/\/linitiative.ca\/International\/deces-de-lavocat-hassan-ghodhbani-lun-des-fondateurs-du-mouvement-de-la-tendance-islamique-mti\/","title":{"rendered":"D\u00e9c\u00e8s de l&rsquo;avocat Hassan Ghodhbani, l&rsquo;un des fondateurs du Mouvement de la Tendance Islamique (MTI)"},"content":{"rendered":"<p>L&rsquo;avocat Hassan Ghodhbani a succomb\u00e9 le 1er f\u00e9vrier au covid-19 apr\u00e8s un long combat. Imam \u00e0 Bab Souika dans les ann\u00e9es 70 du si\u00e8cle dernier, il \u00e9tait l&rsquo;un des p\u00e8res fondateurs du Mouvement de la tendance Islamique qui prendra plus tard, le nom d&rsquo;Ennahdha.<\/p>\n<p>Dans les ann\u00e9es 90, sans quitter le parti, il s&rsquo;\u00e9tait consacr\u00e9 aux activit\u00e9s religieuses. Discret, il refera surface apr\u00e8s la r\u00e9volution. Il \u00e9tait connu pour son \u00e9loquence et sa profonde culture\u00a0 religieuse.On le comparaissait \u00e0 un autre fondateur de ce parti, Abdelfattah Mourou avec qui il partageait ces deux qualit\u00e9s. Il y a quelques ann\u00e9es, il avait \u00e9t\u00e9 victime d\u00a0\u00bbun AVC.<\/p>\n<p>Auteur:<br \/>\n<a href=\"https:\/\/www.leaders.com.tn\/article\/31367-deces-de-l-avocat-hassan-ghodhbani-l-un-des-fondateurs-du-mouvement-de-la-tendance-islamique-mti\">Cliquez ici pour lire l&rsquo;article depuis sa source.<\/a><\/p>\n","protected":false},"excerpt":{"rendered":"<p>L&rsquo;avocat Hassan Ghodhbani a succomb\u00e9 le 1er f\u00e9vrier au covid-19 apr\u00e8s un long combat. Imam \u00e0 Bab Souika dans les ann\u00e9es 70 du si\u00e8cle dernier, il \u00e9tait l&rsquo;un des p\u00e8res fondateurs du Mouvement de la tendance Islamique qui prendra plus tard, le nom d&rsquo;Ennahdha. Dans les ann\u00e9es 90, sans quitter le parti, il s&rsquo;\u00e9tait consacr\u00e9 [&hellip;]<\/p>\n","protected":false},"author":1772,"featured_media":0,"comment_status":"closed","ping_status":"closed","sticky":false,"template":"","format":"standard","meta":{"fifu_image_url":"","fifu_image_alt":"","footnotes":""},"categories":[73,55],"tags":[],"class_list":["post-110460","post","type-post","status-publish","format-standard","hentry","category-actualite","category-tunisie"],"_links":{"self":[{"href":"https:\/\/linitiative.ca\/International\/wp-json\/wp\/v2\/posts\/110460","targetHints":{"allow":["GET"]}}],"collection":[{"href":"https:\/\/linitiative.ca\/International\/wp-json\/wp\/v2\/posts"}],"about":[{"href":"https:\/\/linitiative.ca\/International\/wp-json\/wp\/v2\/types\/post"}],"author":[{"embeddable":true,"href":"https:\/\/linitiative.ca\/International\/wp-json\/wp\/v2\/users\/1772"}],"replies":[{"embeddable":true,"href":"https:\/\/linitiative.ca\/International\/wp-json\/wp\/v2\/comments?post=110460"}],"version-history":[{"count":0,"href":"https:\/\/linitiative.ca\/International\/wp-json\/wp\/v2\/posts\/110460\/revisions"}],"wp:attachment":[{"href":"https:\/\/linitiative.ca\/International\/wp-json\/wp\/v2\/media?parent=110460"}],"wp:term":[{"taxonomy":"category","embeddable":true,"href":"https:\/\/linitiative.ca\/International\/wp-json\/wp\/v2\/categories?post=110460"},{"taxonomy":"post_tag","embeddable":true,"href":"https:\/\/linitiative.ca\/International\/wp-json\/wp\/v2\/tags?post=110460"}],"curies":[{"name":"wp","href":"https:\/\/api.w.org\/{rel}","templated":true}]}}