{"id":110463,"date":"2021-02-02T05:00:00","date_gmt":"2021-02-02T10:00:00","guid":{"rendered":"https:\/\/linitiative.ca\/International\/centralisation-a-la-cnas\/"},"modified":"2021-02-02T05:00:00","modified_gmt":"2021-02-02T10:00:00","slug":"centralisation-a-la-cnas","status":"publish","type":"post","link":"https:\/\/linitiative.ca\/International\/centralisation-a-la-cnas\/","title":{"rendered":"Centralisation \u00e0 la Cnas"},"content":{"rendered":"<p>Les Caisses de s\u00e9curit\u00e9 sociale au niveau des diff\u00e9rentes wilayas ont entam\u00e9 une op\u00e9ration de regroupement des centres payeurs. D\u00e9cid\u00e9e au nom de la rationalisation des moyens humains et logistiques, l&rsquo;op\u00e9ration consiste \u00e0 centraliser au niveau d&rsquo;un seul centre les op\u00e9rations de d\u00e9p\u00f4t des bordereaux par les pharmaciens dans le cadre du syst\u00e8me du tiers payant. Une d\u00e9cision qui a \u00e9t\u00e9 accueillie de mani\u00e8re mitig\u00e9e par les pharmaciens qui craignent que cela n&rsquo;engendre davantage de contraintes.<\/p>\n<p>Auteur:<br \/>\n<a href=\"https:\/\/www.lesoirdalgerie.com\/periscoop\/centralisation-a-la-cnas-55629\">Cliquez ici pour lire l&rsquo;article depuis sa source.<\/a><\/p>\n","protected":false},"excerpt":{"rendered":"<p>Les Caisses de s\u00e9curit\u00e9 sociale au niveau des diff\u00e9rentes wilayas ont entam\u00e9 une op\u00e9ration de regroupement des centres payeurs. D\u00e9cid\u00e9e au nom de la rationalisation des moyens humains et logistiques, l&rsquo;op\u00e9ration consiste \u00e0 centraliser au niveau d&rsquo;un seul centre les op\u00e9rations de d\u00e9p\u00f4t des bordereaux par les pharmaciens dans le cadre du syst\u00e8me du tiers [&hellip;]<\/p>\n","protected":false},"author":1741,"featured_media":0,"comment_status":"closed","ping_status":"closed","sticky":false,"template":"","format":"standard","meta":{"fifu_image_url":"","fifu_image_alt":"","footnotes":""},"categories":[73,53],"tags":[],"class_list":["post-110463","post","type-post","status-publish","format-standard","hentry","category-actualite","category-algerie"],"_links":{"self":[{"href":"https:\/\/linitiative.ca\/International\/wp-json\/wp\/v2\/posts\/110463","targetHints":{"allow":["GET"]}}],"collection":[{"href":"https:\/\/linitiative.ca\/International\/wp-json\/wp\/v2\/posts"}],"about":[{"href":"https:\/\/linitiative.ca\/International\/wp-json\/wp\/v2\/types\/post"}],"author":[{"embeddable":true,"href":"https:\/\/linitiative.ca\/International\/wp-json\/wp\/v2\/users\/1741"}],"replies":[{"embeddable":true,"href":"https:\/\/linitiative.ca\/International\/wp-json\/wp\/v2\/comments?post=110463"}],"version-history":[{"count":0,"href":"https:\/\/linitiative.ca\/International\/wp-json\/wp\/v2\/posts\/110463\/revisions"}],"wp:attachment":[{"href":"https:\/\/linitiative.ca\/International\/wp-json\/wp\/v2\/media?parent=110463"}],"wp:term":[{"taxonomy":"category","embeddable":true,"href":"https:\/\/linitiative.ca\/International\/wp-json\/wp\/v2\/categories?post=110463"},{"taxonomy":"post_tag","embeddable":true,"href":"https:\/\/linitiative.ca\/International\/wp-json\/wp\/v2\/tags?post=110463"}],"curies":[{"name":"wp","href":"https:\/\/api.w.org\/{rel}","templated":true}]}}