{"id":110466,"date":"2021-02-02T05:00:00","date_gmt":"2021-02-02T10:00:00","guid":{"rendered":"https:\/\/linitiative.ca\/International\/tout-un-barnamedj\/"},"modified":"2021-02-02T05:00:00","modified_gmt":"2021-02-02T10:00:00","slug":"tout-un-barnamedj","status":"publish","type":"post","link":"https:\/\/linitiative.ca\/International\/tout-un-barnamedj\/","title":{"rendered":"Tout un barnamedj !"},"content":{"rendered":"<p class=\"c4\">Le plus dangereux en D\u00e9z\u00e9die, ce n\u2019est pas le VARIANT. Ce sont les INVARIANTS !<\/p>\n<p class=\"c4\"><strong>Corruption. N\u00e9potisme. Incomp\u00e9tence. Injustice \u2026<\/strong><\/p>\n<p class=\"c4\">Les prix \u00e0 la consommation flambent ! Ils vont encore flamber au cours des prochaines semaines, selon les sp\u00e9cialistes. Que faut-il faire face \u00e0 cet incendie ? Commander une fatwa ? Mes connaissances en potentiel fatwas, en r\u00e9serves de fatwas de la D\u00e9z\u00e9die sont limit\u00e9es. Je ne sais donc pas si nous avons \u00e7a en stock, une fatwa anti-vie ch\u00e8re. Par contre, je sais, de mani\u00e8re \u00e0 peu pr\u00e8s s\u00fbre, qu\u2019on ne peut aborder cette probl\u00e9matique des prix qui flambent en levant les bras au ciel, ou en invoquant de mani\u00e8re impr\u00e9catoire les start-up, la num\u00e9risation ou encore la digitalisation. \u00c7a se saurait depuis un moment d\u00e9j\u00e0 si une start-up disposait d\u2019une cl\u00e9 magique de r\u00e9gulation des march\u00e9s ! Mais je sais qu\u2019il existe des comp\u00e9tences dont c\u2019est le m\u00e9tier de g\u00e9rer ces choses-l\u00e0. Allez ! Je vais oser une insulte en ces temps de pudibonderie mal plac\u00e9e : on les appelle les \u00e9conomistes. De mani\u00e8re plus g\u00e9n\u00e9rique, et l\u00e0, je l\u00e2che une seconde insulte, je rappelle l\u2019existence depuis des lustres d\u2019un concept, le mod\u00e8le \u00e9conomique. Qui peut me dire aujourd\u2019hui quel est le mod\u00e8le \u00e9conomique adopt\u00e9 ? Je ne parle pas de \u00abfeuilles de route\u00bb ! Car l\u00e0, aussi, une feuille de route ne fait pas un programme \u00e9conomique. C\u2019est un peu mince, aussi mince que le bitume de nos routes. Non ! Un mod\u00e8le \u00e9conomique. Attention ! Je ne pr\u00e9juge de rien. Je dis juste qu\u2019au jour d\u2019aujourd\u2019hui, je n\u2019ai pas entendu clairement un responsable venir me dire en face des mirettes : \u00abVoil\u00e0 le mod\u00e8le \u00e9conomique qui nous fera sortir de la crise.\u00bb Je rappelle au passage qu\u2019il nous a fallu pr\u00e8s d\u2019un an et des \u00e9pisodes dignes des telenovelas br\u00e9siliennes ou mexicaines pour enfin d\u00e9cider du bout des l\u00e8vres que nous laissions tomber l\u2019option \u00ab voitures de moins de trois ans \u00bb ! Pourtant, ce dossier en lui-m\u00eame ne constitue pas un mod\u00e8le \u00e9conomique. Il n\u2019en est qu\u2019un aspect lilliputien. Combien de temps alors pour esp\u00e9rer enfin voir les feuilles de route \u00e9parses et \u00e9parpill\u00e9es reli\u00e9es, assembl\u00e9es et agenc\u00e9es en \u00abmod\u00e8le \u00e9conomique\u00bb coh\u00e9rent ? M\u00e2ture, pour reprendre un terme cher au Premier ministre ? C\u2019est \u00e0 ce moment pr\u00e9cis de ma chronique qu\u2019\u00e0 mon tour, je l\u00e8ve les bras au ciel tout en fumant du th\u00e9 pour rester \u00e9veill\u00e9 \u00e0 ce cauchemar qui continue.<br \/><em><strong>H. L.<\/strong><\/em><\/p>\n<p>Auteur:<br \/>\n<a href=\"https:\/\/www.lesoirdalgerie.com\/pousse-avec-eux\/tout-un-barnamedj-55626\">Cliquez ici pour lire l&rsquo;article depuis sa source.<\/a><\/p>\n","protected":false},"excerpt":{"rendered":"<p>Le plus dangereux en D\u00e9z\u00e9die, ce n\u2019est pas le VARIANT. Ce sont les INVARIANTS ! Corruption. N\u00e9potisme. Incomp\u00e9tence. Injustice \u2026 Les prix \u00e0 la consommation flambent ! Ils vont encore flamber au cours des prochaines semaines, selon les sp\u00e9cialistes. Que faut-il faire face \u00e0 cet incendie ? Commander une fatwa ? Mes connaissances en potentiel [&hellip;]<\/p>\n","protected":false},"author":1741,"featured_media":0,"comment_status":"closed","ping_status":"closed","sticky":false,"template":"","format":"standard","meta":{"fifu_image_url":"","fifu_image_alt":"","footnotes":""},"categories":[73,53],"tags":[],"class_list":["post-110466","post","type-post","status-publish","format-standard","hentry","category-actualite","category-algerie"],"_links":{"self":[{"href":"https:\/\/linitiative.ca\/International\/wp-json\/wp\/v2\/posts\/110466","targetHints":{"allow":["GET"]}}],"collection":[{"href":"https:\/\/linitiative.ca\/International\/wp-json\/wp\/v2\/posts"}],"about":[{"href":"https:\/\/linitiative.ca\/International\/wp-json\/wp\/v2\/types\/post"}],"author":[{"embeddable":true,"href":"https:\/\/linitiative.ca\/International\/wp-json\/wp\/v2\/users\/1741"}],"replies":[{"embeddable":true,"href":"https:\/\/linitiative.ca\/International\/wp-json\/wp\/v2\/comments?post=110466"}],"version-history":[{"count":0,"href":"https:\/\/linitiative.ca\/International\/wp-json\/wp\/v2\/posts\/110466\/revisions"}],"wp:attachment":[{"href":"https:\/\/linitiative.ca\/International\/wp-json\/wp\/v2\/media?parent=110466"}],"wp:term":[{"taxonomy":"category","embeddable":true,"href":"https:\/\/linitiative.ca\/International\/wp-json\/wp\/v2\/categories?post=110466"},{"taxonomy":"post_tag","embeddable":true,"href":"https:\/\/linitiative.ca\/International\/wp-json\/wp\/v2\/tags?post=110466"}],"curies":[{"name":"wp","href":"https:\/\/api.w.org\/{rel}","templated":true}]}}