{"id":110469,"date":"2021-02-02T10:57:52","date_gmt":"2021-02-02T15:57:52","guid":{"rendered":"https:\/\/linitiative.ca\/International\/vrai-ou-fake-sur-la-covid-19-au-maroc-mardi-2-fevrier\/"},"modified":"2021-02-02T10:57:52","modified_gmt":"2021-02-02T15:57:52","slug":"vrai-ou-fake-sur-la-covid-19-au-maroc-mardi-2-fevrier","status":"publish","type":"post","link":"https:\/\/linitiative.ca\/International\/vrai-ou-fake-sur-la-covid-19-au-maroc-mardi-2-fevrier\/","title":{"rendered":"Vrai ou Fake sur la Covid-19 au Maroc, mardi 2 f\u00e9vrier"},"content":{"rendered":"<p><strong>En plus de l\u2019\u00e9pid\u00e9mie du coronavirus, nous devons faire face \u00e0 une autre \u00e9pid\u00e9mie, celle des fake news relay\u00e9es sur les r\u00e9seaux sociaux.<\/strong><\/p>\n<div class=\"c10\"\/>\n<p>\u00a0\u2013 Un l\u00e9ger ralentissement des nouveaux cas d\u2019infection du coronavirus dans le monde depuis trois semaines. <strong>VRAI<\/strong><\/p>\n<p>\u00a0\u2013 L\u2019efficacit\u00e9 du vaccin AstraZeneca\/Oxford ne serait que de 8% chez les adultes de plus de 65 ans.\u00a0<strong>FAKE<\/strong><\/p>\n<p>\u00a0\u2013 Les flacons du vaccin AstraZeneca contiennent 10 doses. <strong>VRAI<\/strong> Une 11\u00e8me dose de s\u00e9curit\u00e9 est ajout\u00e9e par le fabricant, \u00e9tant donn\u00e9 qu\u2019une partie du produit est perdue dans la manipulation.\u00a0<\/p>\n<p><strong>Lire aussi|<\/strong><a href=\"https:\/\/www.challenge.ma\/coronavirus-loms-enregistre-une-legere-baisse-des-nouveaux-cas-dans-le-monde-174006\/\"><strong>Coronavirus : l\u2019OMS enregistre une l\u00e9g\u00e8re baisse des nouveaux cas dans le monde<\/strong><\/a><\/p>\n<p>\u2013 Des gels non virucides sont vendus dans les pharmacies et par des entreprises au Maroc.\u00a0<strong>FAKE<\/strong><\/p>\n<p>\u2013 La pand\u00e9mie de coronavirus a fait au moins 2.241.062 morts dans le monde depuis\u00a0son apparition.\u00a0<strong>VRAI<\/strong><\/p>\n<p><strong>Lire aussi|<\/strong><a href=\"https:\/\/www.challenge.ma\/vaccination-anti-covid-pres-de-74000-personnes-vaccinees-ce-lundi-1er-fevrier-173982\/\"><strong>Vaccination anti-covid : pr\u00e8s de 74000 personnes vaccin\u00e9es ce lundi 1er f\u00e9vrier<\/strong><\/a><\/p>\n<p>Auteur: Hajar DARI<br \/>\n<a href=\"https:\/\/www.challenge.ma\/vrai-ou-fake-sur-la-covid-19-au-maroc-mardi-2-fevrier-174031\/\">Cliquez ici pour lire l&rsquo;article depuis sa source.<\/a><\/p>\n","protected":false},"excerpt":{"rendered":"<p>En plus de l\u2019\u00e9pid\u00e9mie du coronavirus, nous devons faire face \u00e0 une autre \u00e9pid\u00e9mie, celle des fake news relay\u00e9es sur les r\u00e9seaux sociaux. \u00a0\u2013 Un l\u00e9ger ralentissement des nouveaux cas d\u2019infection du coronavirus dans le monde depuis trois semaines. VRAI \u00a0\u2013 L\u2019efficacit\u00e9 du vaccin AstraZeneca\/Oxford ne serait que de 8% chez les adultes de plus [&hellip;]<\/p>\n","protected":false},"author":1787,"featured_media":0,"comment_status":"closed","ping_status":"closed","sticky":false,"template":"","format":"standard","meta":{"fifu_image_url":"","fifu_image_alt":"","footnotes":""},"categories":[78,54],"tags":[],"class_list":["post-110469","post","type-post","status-publish","format-standard","hentry","category-economie","category-maroc"],"_links":{"self":[{"href":"https:\/\/linitiative.ca\/International\/wp-json\/wp\/v2\/posts\/110469","targetHints":{"allow":["GET"]}}],"collection":[{"href":"https:\/\/linitiative.ca\/International\/wp-json\/wp\/v2\/posts"}],"about":[{"href":"https:\/\/linitiative.ca\/International\/wp-json\/wp\/v2\/types\/post"}],"author":[{"embeddable":true,"href":"https:\/\/linitiative.ca\/International\/wp-json\/wp\/v2\/users\/1787"}],"replies":[{"embeddable":true,"href":"https:\/\/linitiative.ca\/International\/wp-json\/wp\/v2\/comments?post=110469"}],"version-history":[{"count":0,"href":"https:\/\/linitiative.ca\/International\/wp-json\/wp\/v2\/posts\/110469\/revisions"}],"wp:attachment":[{"href":"https:\/\/linitiative.ca\/International\/wp-json\/wp\/v2\/media?parent=110469"}],"wp:term":[{"taxonomy":"category","embeddable":true,"href":"https:\/\/linitiative.ca\/International\/wp-json\/wp\/v2\/categories?post=110469"},{"taxonomy":"post_tag","embeddable":true,"href":"https:\/\/linitiative.ca\/International\/wp-json\/wp\/v2\/tags?post=110469"}],"curies":[{"name":"wp","href":"https:\/\/api.w.org\/{rel}","templated":true}]}}