{"id":110471,"date":"2021-02-02T11:30:00","date_gmt":"2021-02-02T16:30:00","guid":{"rendered":"https:\/\/linitiative.ca\/International\/reporter-les-elections-est-une-necessite\/"},"modified":"2021-02-02T11:30:00","modified_gmt":"2021-02-02T16:30:00","slug":"reporter-les-elections-est-une-necessite","status":"publish","type":"post","link":"https:\/\/linitiative.ca\/International\/reporter-les-elections-est-une-necessite\/","title":{"rendered":"Reporter les \u00e9lections est une n\u00e9cessit\u00e9"},"content":{"rendered":"<p><strong>Selon les informations qui circulent, mais qui ne sont pas officielles, il y aurait une session extraordinaire du parlement en mars pour voter un nouveau code \u00e9lectoral et les \u00e9lections auraient lieu avant la fin juin.<\/strong><\/p>\n<div class=\"c10\"\/>\n<p>C\u2019est une h\u00e9r\u00e9sie pour diverses raisons. La premi\u00e8re, c\u2019est que les d\u00e9saccords sur des questions telles que la liste nationale pour les jeunes doivent donner lieu \u00e0 un vrai d\u00e9bat. Nonobstant le fait que beaucoup de d\u00e9mocrates, et l\u2019auteur de ces lignes en fait partie, contestent le principe m\u00eame de la discrimination positive. Cela n\u2019a pas chang\u00e9 la situation dans les partis o\u00f9 la lutte pour le partage de cette rente a affaibli les organisations de femmes et de jeunesses. Tous ceux qui ont une pratique partisane reconnaissent cet effet pervers et son caract\u00e8re irr\u00e9versible, puisqu\u2019apr\u00e8s le choix des listes, les m\u00e9contents d\u00e9sertent.<\/p>\n<p><strong>Lire aussi | <a href=\"https:\/\/www.challenge.ma\/hydrogene-vert-le-maroc-renforce-sa-cooperation-avec-le-portugal-174045\/\" target=\"_blank\" rel=\"noreferrer noopener\">Hydrog\u00e8ne vert : le Maroc renforce sa coop\u00e9ration avec le Portugal<\/a><\/strong><\/p>\n<p>Mais c\u2019est surtout une h\u00e9r\u00e9sie dans le contexte que nous vivons. Le Maroc est dans la ligne droite dans son combat contre la pand\u00e9mie. Il lui faut r\u00e9ussir la vaccination tout en \u00e9vitant la troisi\u00e8me vague. En m\u00eame temps, il nous faut affirmer les plans de relance, parce qu\u2019il ne suffit pas d\u2019arr\u00eater les mesures restrictives pour que l\u2019\u00e9conomie reparte de plus belle. Des secteurs d\u2019activit\u00e9 auront besoin d\u2019un soutien durable pour assurer leur viabilit\u00e9. Des \u00e9lections, cela fragilise la majorit\u00e9 h\u00e9t\u00e9roclite et met sous cloche le parlement pendant au moins trois mois. D\u2019ici juin, il n\u2019est pas s\u00fbr que nous aurons atteint l\u2019immunit\u00e9 collective. Il n\u2019y aura donc ni meetings, ni porte-\u00e0-porte. Dans un pays o\u00f9 la participation est probl\u00e9matique, on prend le risque d\u2019un scrutin sans valeur qui affaiblirait encore plus les instances \u00e9lues et leur cr\u00e9dibilit\u00e9.<\/p>\n<p><strong>Lire aussi | <a href=\"https:\/\/www.challenge.ma\/africa-motors-conclut-sa-mega-tombola-en-apotheose-174058\/\" target=\"_blank\" rel=\"noreferrer noopener\">Africa Motors conclut sa m\u00e9ga tombola en apoth\u00e9ose<\/a><\/strong><\/p>\n<p>Depuis 2002, les \u00e9lections se tiennent \u00e0 temps, ce qui est la normalit\u00e9 d\u00e9mocratique. Mais nous sommes dans une situation exceptionnelle et retarder les \u00e9lections de quelques mois, le temps que l\u2019hypoth\u00e8que sanitaire soit lev\u00e9e, n\u2019est pas une entorse \u00e0 la vie d\u00e9mocratique. C\u2019est juste du bon sens\u00a0!<\/p>\n<p>Auteur: challenge<br \/>\n<a href=\"https:\/\/www.challenge.ma\/reporter-les-elections-est-une-necessite-174065\/\">Cliquez ici pour lire l&rsquo;article depuis sa source.<\/a><\/p>\n","protected":false},"excerpt":{"rendered":"<p>Selon les informations qui circulent, mais qui ne sont pas officielles, il y aurait une session extraordinaire du parlement en mars pour voter un nouveau code \u00e9lectoral et les \u00e9lections auraient lieu avant la fin juin. C\u2019est une h\u00e9r\u00e9sie pour diverses raisons. La premi\u00e8re, c\u2019est que les d\u00e9saccords sur des questions telles que la liste [&hellip;]<\/p>\n","protected":false},"author":1787,"featured_media":0,"comment_status":"closed","ping_status":"closed","sticky":false,"template":"","format":"standard","meta":{"fifu_image_url":"","fifu_image_alt":"","footnotes":""},"categories":[78,54],"tags":[],"class_list":["post-110471","post","type-post","status-publish","format-standard","hentry","category-economie","category-maroc"],"_links":{"self":[{"href":"https:\/\/linitiative.ca\/International\/wp-json\/wp\/v2\/posts\/110471","targetHints":{"allow":["GET"]}}],"collection":[{"href":"https:\/\/linitiative.ca\/International\/wp-json\/wp\/v2\/posts"}],"about":[{"href":"https:\/\/linitiative.ca\/International\/wp-json\/wp\/v2\/types\/post"}],"author":[{"embeddable":true,"href":"https:\/\/linitiative.ca\/International\/wp-json\/wp\/v2\/users\/1787"}],"replies":[{"embeddable":true,"href":"https:\/\/linitiative.ca\/International\/wp-json\/wp\/v2\/comments?post=110471"}],"version-history":[{"count":0,"href":"https:\/\/linitiative.ca\/International\/wp-json\/wp\/v2\/posts\/110471\/revisions"}],"wp:attachment":[{"href":"https:\/\/linitiative.ca\/International\/wp-json\/wp\/v2\/media?parent=110471"}],"wp:term":[{"taxonomy":"category","embeddable":true,"href":"https:\/\/linitiative.ca\/International\/wp-json\/wp\/v2\/categories?post=110471"},{"taxonomy":"post_tag","embeddable":true,"href":"https:\/\/linitiative.ca\/International\/wp-json\/wp\/v2\/tags?post=110471"}],"curies":[{"name":"wp","href":"https:\/\/api.w.org\/{rel}","templated":true}]}}