{"id":110472,"date":"2021-02-02T11:39:30","date_gmt":"2021-02-02T16:39:30","guid":{"rendered":"https:\/\/linitiative.ca\/International\/hydrogene-vert-le-maroc-renforce-sa-cooperation-avec-le-portugal\/"},"modified":"2021-02-02T11:39:30","modified_gmt":"2021-02-02T16:39:30","slug":"hydrogene-vert-le-maroc-renforce-sa-cooperation-avec-le-portugal","status":"publish","type":"post","link":"https:\/\/linitiative.ca\/International\/hydrogene-vert-le-maroc-renforce-sa-cooperation-avec-le-portugal\/","title":{"rendered":"Hydrog\u00e8ne vert : le Maroc renforce sa coop\u00e9ration avec le Portugal"},"content":{"rendered":"<p><strong>Le Maroc et le Portugal ont sign\u00e9, mardi \u00e0 Rabat, une d\u00e9claration de coop\u00e9ration sur l\u2019hydrog\u00e8ne vert afin de mettre en place les bases n\u00e9cessaires pour d\u00e9velopper le partenariat dans cette fili\u00e8re d\u2019\u00e9nergie propre entre les acteurs \u00e9conomiques des deux pays.<\/strong><\/p>\n<p>Les deux parties reconnaissent, dans cette d\u00e9claration conjointe sign\u00e9e par le ministre de l\u2019\u00c9nergie, des Mines et de l\u2019Environnement, Aziz Rabbah et son homologue portugais, Matos Fernandes lors d\u2019une c\u00e9r\u00e9monie organis\u00e9e par visioconf\u00e9rence, l\u2019opportunit\u00e9 strat\u00e9gique repr\u00e9sent\u00e9e par la d\u00e9carbonisation de l\u2019\u00e9conomie et la transition vers l\u2019\u00e9nergie verte en tant que facteurs mobilisateurs et catalyseurs pour le d\u00e9veloppement durable, ainsi que l\u2019importance de l\u2019hydrog\u00e8ne vert en tant que source d\u2019\u00e9nergie plus propre et plus accessible pour l\u2019avenir des \u00e9conomies des deux pays, avec des avantages irr\u00e9futables pour la durabilit\u00e9 environnementale. Par la m\u00eame, les deux ministres se sont convenus de renforcer les liens d\u2019amiti\u00e9 existant entre les deux pays, de booster la coop\u00e9ration bilat\u00e9rale et d\u2019aligner les priorit\u00e9s de l\u2019hydrog\u00e8ne vert au Maroc et au Portugal sur les strat\u00e9gies de d\u00e9carbonisation li\u00e9es \u00e0 l\u2019accord de Paris, ainsi que d\u2019encourager la demande commerciale de l\u2019hydrog\u00e8ne vert.<\/p>\n<div class=\"c10\"\/>\n<p><strong>Lire aussi | <a rel=\"noreferrer noopener\" href=\"https:\/\/www.challenge.ma\/culture-au-temps-du-covid-19-le-maroc-donne-lexemple-selon-jack-lang-audio-174018\/\" target=\"_blank\">Culture au temps du Covid-19 : le Maroc donne l\u2019exemple selon Jack Lang [Audio]<\/a><\/strong><\/p>\n<p>Aziz Rabbah a soulign\u00e9 le Maroc a entrepris plusieurs actions pour entamer le d\u00e9veloppement de l\u2019hydrog\u00e8ne sur de bonnes bases, notant que son d\u00e9partement et les partenaires ont pos\u00e9 les jalons pour r\u00e9ussir ce nouveau challenge \u00e0 travers notamment la mise en place de la Commission nationale de l\u2019hydrog\u00e8ne en 2019 et d\u2019une s\u00e9rie de projets de recherches et de d\u00e9veloppement ainsi que la pr\u00e9paration de la feuille de route de la production de l\u2019hydrog\u00e8ne. Et d\u2019ajouter que parmi les actions entreprises en la mati\u00e8re figurent \u00e9galement la cr\u00e9ation de la plateforme nationale de recherche et d\u00e9veloppement, en l\u2019occurrence le centre \u00ab\u00a0Green A2A\u00a0\u00bb, l\u2019implication de la recherche scientifique \u00e0 travers l\u2019Institut de recherche en \u00e9nergie solaire et \u00e9nergies nouvelles (IRESEN) et l\u2019Universit\u00e9 polytechnique Mohammed VI qui travaillent de concert pour d\u00e9velopper la recherche de base sur l\u2019hydrog\u00e8ne vert. \u00ab\u00a0L\u2019Agence marocaine pour l\u2019\u00e9nergie durable (MASEN) pilote, pour sa part, un projet de r\u00e9f\u00e9rence portant sur l\u2019hybridation\u00a0\u00bb, a-t-il indiqu\u00e9.<\/p>\n<p><strong>Lire aussi | <a rel=\"noreferrer noopener\" href=\"https:\/\/www.challenge.ma\/le-groupe-ozone-environnement-services-prend-le-large-173627\/\" target=\"_blank\">Le groupe Ozone Environnement &amp; Services prend le large<\/a><\/strong><\/p>\n<p>Pour sa part, le ministre portugais de l\u2019Environnement et de l\u2019action climatique, qui s\u2019est f\u00e9licit\u00e9 des relations de coop\u00e9ration et d\u2019amiti\u00e9 unissant le Maroc et le Portugal, a relev\u00e9 que le d\u00e9veloppement du secteur de l\u2019hydrog\u00e8ne vert n\u00e9cessite un appui particulier par les Etats et les gouvernements. \u00ab\u00a0Le Portugal est engag\u00e9 dans une politique strat\u00e9gique en mati\u00e8re d\u2019hydrog\u00e8ne vert et vise \u00e0 organiser le 7 avril prochain une conf\u00e9rence internationale sur cette fili\u00e8re d\u2019\u00e9nergie propre \u00e0 laquelle le Royaume du Maroc est fortement appel\u00e9 \u00e0 y participer\u00a0\u00bb, a not\u00e9 Matos Fernandes.<\/p>\n<p><strong>Avec MAP<\/strong><\/p>\n<p>Auteur: challenge<br \/>\n<a href=\"https:\/\/www.challenge.ma\/hydrogene-vert-le-maroc-renforce-sa-cooperation-avec-le-portugal-174045\/\">Cliquez ici pour lire l&rsquo;article depuis sa source.<\/a><\/p>\n","protected":false},"excerpt":{"rendered":"<p>Le Maroc et le Portugal ont sign\u00e9, mardi \u00e0 Rabat, une d\u00e9claration de coop\u00e9ration sur l\u2019hydrog\u00e8ne vert afin de mettre en place les bases n\u00e9cessaires pour d\u00e9velopper le partenariat dans cette fili\u00e8re d\u2019\u00e9nergie propre entre les acteurs \u00e9conomiques des deux pays. Les deux parties reconnaissent, dans cette d\u00e9claration conjointe sign\u00e9e par le ministre de l\u2019\u00c9nergie, [&hellip;]<\/p>\n","protected":false},"author":1787,"featured_media":0,"comment_status":"closed","ping_status":"closed","sticky":false,"template":"","format":"standard","meta":{"fifu_image_url":"","fifu_image_alt":"","footnotes":""},"categories":[78,54],"tags":[],"class_list":["post-110472","post","type-post","status-publish","format-standard","hentry","category-economie","category-maroc"],"_links":{"self":[{"href":"https:\/\/linitiative.ca\/International\/wp-json\/wp\/v2\/posts\/110472","targetHints":{"allow":["GET"]}}],"collection":[{"href":"https:\/\/linitiative.ca\/International\/wp-json\/wp\/v2\/posts"}],"about":[{"href":"https:\/\/linitiative.ca\/International\/wp-json\/wp\/v2\/types\/post"}],"author":[{"embeddable":true,"href":"https:\/\/linitiative.ca\/International\/wp-json\/wp\/v2\/users\/1787"}],"replies":[{"embeddable":true,"href":"https:\/\/linitiative.ca\/International\/wp-json\/wp\/v2\/comments?post=110472"}],"version-history":[{"count":0,"href":"https:\/\/linitiative.ca\/International\/wp-json\/wp\/v2\/posts\/110472\/revisions"}],"wp:attachment":[{"href":"https:\/\/linitiative.ca\/International\/wp-json\/wp\/v2\/media?parent=110472"}],"wp:term":[{"taxonomy":"category","embeddable":true,"href":"https:\/\/linitiative.ca\/International\/wp-json\/wp\/v2\/categories?post=110472"},{"taxonomy":"post_tag","embeddable":true,"href":"https:\/\/linitiative.ca\/International\/wp-json\/wp\/v2\/tags?post=110472"}],"curies":[{"name":"wp","href":"https:\/\/api.w.org\/{rel}","templated":true}]}}